{"id":865,"date":"2022-03-14T19:33:47","date_gmt":"2022-03-14T19:33:47","guid":{"rendered":"http:\/\/escritoresyperiodistas.online\/?p=865"},"modified":"2022-04-05T16:00:14","modified_gmt":"2022-04-05T16:00:14","slug":"los-nazis-ucranianos-asesinan-a-su-propio-pueblo","status":"publish","type":"post","link":"https:\/\/escritoresyperiodistas.online\/index.php\/2022\/03\/14\/los-nazis-ucranianos-asesinan-a-su-propio-pueblo\/","title":{"rendered":"Los nazis ucranianos asesinan y torturan a su propio pueblo, ejecutan soldados prisioneros"},"content":{"rendered":"\n<p>Atenci\u00f3n: Las fotos y enlaces a videos contienen im\u00e1genes perturbadoras de las atrocidades nazis en Ucrania. Por favor, no siga leyendo si cree que le van a molestar estas im\u00e1genes.<\/p>\n\n\n\n<figure class=\"wp-block-image size-large\"><img loading=\"lazy\" decoding=\"async\" width=\"1125\" height=\"1485\" src=\"https:\/\/escritoresyperiodistas.online\/wp-content\/uploads\/2022\/04\/img_2819.jpg\" alt=\"\" class=\"wp-image-879\" srcset=\"https:\/\/escritoresyperiodistas.online\/wp-content\/uploads\/2022\/04\/img_2819.jpg 1125w, https:\/\/escritoresyperiodistas.online\/wp-content\/uploads\/2022\/04\/img_2819-227x300.jpg 227w, https:\/\/escritoresyperiodistas.online\/wp-content\/uploads\/2022\/04\/img_2819-776x1024.jpg 776w, https:\/\/escritoresyperiodistas.online\/wp-content\/uploads\/2022\/04\/img_2819-768x1014.jpg 768w\" sizes=\"auto, (max-width: 1125px) 100vw, 1125px\" \/><\/figure>\n\n\n\n<figure class=\"wp-block-image size-large\"><img loading=\"lazy\" decoding=\"async\" width=\"1024\" height=\"688\" src=\"https:\/\/escritoresyperiodistas.online\/wp-content\/uploads\/2022\/03\/img_2533-1-1024x688.jpg\" alt=\"\" class=\"wp-image-864\" srcset=\"https:\/\/escritoresyperiodistas.online\/wp-content\/uploads\/2022\/03\/img_2533-1-1024x688.jpg 1024w, https:\/\/escritoresyperiodistas.online\/wp-content\/uploads\/2022\/03\/img_2533-1-300x202.jpg 300w, https:\/\/escritoresyperiodistas.online\/wp-content\/uploads\/2022\/03\/img_2533-1-768x516.jpg 768w, https:\/\/escritoresyperiodistas.online\/wp-content\/uploads\/2022\/03\/img_2533-1.jpg 1170w\" sizes=\"auto, (max-width: 1024px) 100vw, 1024px\" \/><\/figure>\n\n\n\n<figure class=\"wp-block-image size-large\"><img loading=\"lazy\" decoding=\"async\" width=\"1024\" height=\"936\" src=\"https:\/\/escritoresyperiodistas.online\/wp-content\/uploads\/2022\/03\/img_2534-1-1024x936.jpg\" alt=\"\" class=\"wp-image-863\" srcset=\"https:\/\/escritoresyperiodistas.online\/wp-content\/uploads\/2022\/03\/img_2534-1-1024x936.jpg 1024w, https:\/\/escritoresyperiodistas.online\/wp-content\/uploads\/2022\/03\/img_2534-1-300x274.jpg 300w, https:\/\/escritoresyperiodistas.online\/wp-content\/uploads\/2022\/03\/img_2534-1-768x702.jpg 768w, https:\/\/escritoresyperiodistas.online\/wp-content\/uploads\/2022\/03\/img_2534-1.jpg 1170w\" sizes=\"auto, (max-width: 1024px) 100vw, 1024px\" \/><\/figure>\n\n\n\n<figure class=\"wp-block-image size-large\"><img loading=\"lazy\" decoding=\"async\" width=\"1170\" height=\"2532\" src=\"https:\/\/escritoresyperiodistas.online\/wp-content\/uploads\/2022\/04\/img_3441.png\" alt=\"\" class=\"wp-image-878\" srcset=\"https:\/\/escritoresyperiodistas.online\/wp-content\/uploads\/2022\/04\/img_3441.png 1170w, https:\/\/escritoresyperiodistas.online\/wp-content\/uploads\/2022\/04\/img_3441-139x300.png 139w, https:\/\/escritoresyperiodistas.online\/wp-content\/uploads\/2022\/04\/img_3441-473x1024.png 473w, https:\/\/escritoresyperiodistas.online\/wp-content\/uploads\/2022\/04\/img_3441-768x1662.png 768w, https:\/\/escritoresyperiodistas.online\/wp-content\/uploads\/2022\/04\/img_3441-710x1536.png 710w, https:\/\/escritoresyperiodistas.online\/wp-content\/uploads\/2022\/04\/img_3441-946x2048.png 946w\" sizes=\"auto, (max-width: 1170px) 100vw, 1170px\" \/><\/figure>\n\n\n\n<p>Hoy el ej\u00e9rcito ucraniano ha vuelto a hacer lo que era normal en #Ucrania en los \u00faltimos 8 a\u00f1os: matar civiles. Esto no se lee en @Bild o @derspiegel. Prensa de propaganda ciega permanente. #Donetsk #Ucrania #guerra #Putin<\/p>\n\n\n\n<p>Las Fuerzas Armadas ucranianas decidieron continuar con la cinematograf\u00eda de Bucha y esta noche bombardearon la aldea de Dergachy, al noreste de Kharkiv.<\/p>\n\n\n\n<p>No hay tropas ucranianas en Dergachy, ni tampoco insurgentes, pero Dergachy fue bombardeada toda la noche y el pueblo fue literalmente inundado de municiones de racimo.<\/p>\n\n\n\n<p>Por la ma\u00f1ana, representantes de las autoridades ucranianas llegaron al pueblo y comenzaron a evacuar a la poblaci\u00f3n a Poltava en c\u00e1mara. Es comprensible que vuelva a haber aullidos y gemidos, diciendo que los rusos son tal y cual, golpeando a los civiles.<\/p>\n\n\n\n<p>Una vez m\u00e1s, no hay guarniciones rusas ni ucranianas en el propio pueblo, y todo es una continuaci\u00f3n de la terrible tragicomedia que est\u00e1 representando la camarilla de Kiev. Tierra quemada, civiles tiroteados y la posterior farsa informativa, con l\u00e1grimas mentirosas de los pol\u00edticos ucranianos.<\/p>\n\n\n\n<p>Resumen de noticias del 4 de abril. Recapitulaci\u00f3n.<\/p>\n\n\n\n<p>La r\u00fabrica &#8220;No hay nazis en Ucrania&#8221;. Este es el anillo que encontraron en la guarida de los soldados ucranianos en la regi\u00f3n de Kharkiv: <a href=\"https:\/\/t.me\/razved_dozor\/498\">https:\/\/t.me\/razved_dozor\/498<\/a><\/p>\n\n\n\n<p>Han aparecido nuevas pruebas de burlas a los soldados rusos.<\/p>\n\n\n\n<p>Los fascistas del v\u00eddeo mutilan un cad\u00e1ver: <a href=\"https:\/\/t.me\/Za_Derjavy\/18275\">https:\/\/t.me\/Za_Derjavy\/18275<\/a><\/p>\n\n\n\n<p>Y aqu\u00ed se golpea la cabeza de un hombre atado: <a href=\"https:\/\/t.me\/neoficialniybezsonov\/10627\">https:\/\/t.me\/neoficialniybezsonov\/10627<\/a><\/p>\n\n\n\n<p>Una nueva hornada de antirrusianismo:<\/p>\n\n\n\n<p>El ministro de Asuntos Exteriores brit\u00e1nico ha pedido que se expulse a Rusia del Consejo de Derechos Humanos de la ONU.<\/p>\n\n\n\n<p>Francia ha decidido expulsar a varios diplom\u00e1ticos rusos.<\/p>\n\n\n\n<p>Alemania ha decidido declarar persona non grata a 40 empleados de instituciones diplom\u00e1ticas y consulares rusas en el pa\u00eds.<\/p>\n\n\n\n<p>Pruebas de las atrocidades cometidas por las AFU que dispararon a los prisioneros de guerra rusos 18+<\/p>\n\n\n\n<p>Uno de los muertos ten\u00eda las manos atadas. Esto demuestra que los soldados rusos ya eran prisioneros de guerra y no pod\u00edan resistir.<\/p>\n\n\n\n<p>El Secretario de Estado de EE.UU. Blinken: &#8220;Una China m\u00e1s asertiva est\u00e1 desafiando el orden mundial basado en normas que ha sido durante mucho tiempo la base de la seguridad y la prosperidad para los estadounidenses y los pueblos de todo el mundo.<\/p>\n\n\n\n<p>En primer lugar, por supuesto, los estadounidenses. Y, s\u00ed, no es s\u00f3lo China, usted y su podrido orden basado en reglas est\u00e1 siendo desafiado. Es hora de cambiar.<\/p>\n\n\n\n<p>La rabiosa maquinaria de la Ukropropaganda est\u00e1 poniendo en marcha a todo tipo de idiotas de la RF. Se ha lanzado un v\u00eddeo con otra agenda falsa en los chats. He aqu\u00ed un desglose de la falsificaci\u00f3n: <a href=\"https:\/\/t.me\/warfakes\/1937\">https:\/\/t.me\/warfakes\/1937<\/a><\/p>\n\n\n\n<p>La OTAN parece estar a punto de enviar tanques a Ucrania a trav\u00e9s de los checos: <a href=\"https:\/\/t.me\/razved_dozor\/530\">https:\/\/t.me\/razved_dozor\/530<\/a><\/p>\n\n\n\n<p>Mapa y resumen de los eventos del consejo editorial internacional de la FAN: <a href=\"https:\/\/t.me\/riafan_everywhere\/8158\">https:\/\/t.me\/riafan_everywhere\/8158<\/a><\/p>\n\n\n\n<p>El nuevo n\u00famero de Vecherniy Vladlen: <a href=\"https:\/\/t.me\/vladlentatarsky\/12707\">https:\/\/t.me\/vladlentatarsky\/12707<\/a><\/p>\n\n\n\n<p>Y un gatito que ya no es &#8220;gatito&#8221; de Sith: <a href=\"https:\/\/t.me\/Ugolok_Sitha\/5365\">https:\/\/t.me\/Ugolok_Sitha\/5365<\/a><\/p>\n","protected":false},"excerpt":{"rendered":"<p>Atenci\u00f3n: Las fotos y enlaces a videos contienen im\u00e1genes perturbadoras de las atrocidades nazis en Ucrania. Por favor, no siga leyendo si cree que le [&hellip;]<\/p>\n","protected":false},"author":1,"featured_media":0,"comment_status":"open","ping_status":"open","sticky":false,"template":"","format":"standard","meta":{"_jetpack_memberships_contains_paid_content":false,"footnotes":""},"categories":[227],"tags":[],"class_list":["post-865","post","type-post","status-publish","format-standard","hentry","category-nazis-ucranianos-ucrania-nazi-genocidio"],"jetpack_featured_media_url":"","jetpack_sharing_enabled":true,"jetpack_likes_enabled":true,"_links":{"self":[{"href":"https:\/\/escritoresyperiodistas.online\/index.php\/wp-json\/wp\/v2\/posts\/865","targetHints":{"allow":["GET"]}}],"collection":[{"href":"https:\/\/escritoresyperiodistas.online\/index.php\/wp-json\/wp\/v2\/posts"}],"about":[{"href":"https:\/\/escritoresyperiodistas.online\/index.php\/wp-json\/wp\/v2\/types\/post"}],"author":[{"embeddable":true,"href":"https:\/\/escritoresyperiodistas.online\/index.php\/wp-json\/wp\/v2\/users\/1"}],"replies":[{"embeddable":true,"href":"https:\/\/escritoresyperiodistas.online\/index.php\/wp-json\/wp\/v2\/comments?post=865"}],"version-history":[{"count":6,"href":"https:\/\/escritoresyperiodistas.online\/index.php\/wp-json\/wp\/v2\/posts\/865\/revisions"}],"predecessor-version":[{"id":883,"href":"https:\/\/escritoresyperiodistas.online\/index.php\/wp-json\/wp\/v2\/posts\/865\/revisions\/883"}],"wp:attachment":[{"href":"https:\/\/escritoresyperiodistas.online\/index.php\/wp-json\/wp\/v2\/media?parent=865"}],"wp:term":[{"taxonomy":"category","embeddable":true,"href":"https:\/\/escritoresyperiodistas.online\/index.php\/wp-json\/wp\/v2\/categories?post=865"},{"taxonomy":"post_tag","embeddable":true,"href":"https:\/\/escritoresyperiodistas.online\/index.php\/wp-json\/wp\/v2\/tags?post=865"}],"curies":[{"name":"wp","href":"https:\/\/api.w.org\/{rel}","templated":true}]}}