{"id":823,"date":"2022-01-24T02:39:36","date_gmt":"2022-01-24T02:39:36","guid":{"rendered":"http:\/\/escritoresyperiodistas.online\/index.php\/2022\/01\/24\/la-mal-llamada-leyenda-negra-2\/"},"modified":"2022-01-24T15:23:16","modified_gmt":"2022-01-24T15:23:16","slug":"la-mal-llamada-leyenda-negra-2","status":"publish","type":"post","link":"https:\/\/escritoresyperiodistas.online\/index.php\/2022\/01\/24\/la-mal-llamada-leyenda-negra-2\/","title":{"rendered":"La mal llamada \u201cLeyenda negra\u201d"},"content":{"rendered":"<p><img loading=\"lazy\" decoding=\"async\" src=\"https:\/\/escritoresyperiodistas.online\/wp-content\/uploads\/2022\/01\/image_c9ade29d-7ed4-4542-a26d-f080e46d973f.png\" alt=\"\" width=\"392\" height=\"594\"><\/p>\n<p><strong>\u00bfMadre Patria o Puta Madre Patria?<\/strong>*<\/p>\n<p>Algunos espa\u00f1oles llevan d\u00e9cadas defendiendo a su pa\u00eds contra lo que ellos llaman la \u201cLeyenda negra\u201d, la cual seg\u00fan dicen ellos, era una especie de lista de acusaciones de las atrocidades cometidas por los espa\u00f1oles durante la invasi\u00f3n de Am\u00e9rica, que iban desde la tortura, el secuestro, el asesinato, el robo de tierras y riquezas de los nativos americanos, hasta el genocidio, pasando por todo tipo de actos de violencia, racismo, intolerancia y exterminio que conozca la humanidad. Lo que se niegan a contar los que atacan la \u201cLeyenda negra\u201d es que nunca existi\u00f3. Fue un t\u00e9rmino que se invent\u00f3 una espa\u00f1ola misma llamada Emilia Pardo Baz\u00e1n en una conferencia en Par\u00eds en 1899. El objetivo era desacreditar las acusaciones hist\u00f3ricas contra una Espa\u00f1a intolerante, inquisidora y depredadora, que justamente hab\u00eda sido acusada por otras potencias europeas de la \u00e9poca de cometer cr\u00edmenes atroces contra los nativos americanos.<\/p>\n<p>Hagan de cuenta que esta mal llamada \u201cLeyenda negra\u201d fue una especie de teor\u00eda de la conspiraci\u00f3n hecha para defenderse de lo que en verdad ocurri\u00f3. Sin embargo, al desacreditar la historia con los apelativos de \u201cleyenda\u201d (algo imaginario) y \u201cnegra\u201d (algo oscuro\u2026 conspiranoico, dir\u00edan ahora), les resultaba m\u00e1s f\u00e1cil defenderse de sus cr\u00edmenes ACUSANDO a sus acusadores de haber desarrollado un complot para desacreditarlos, menoscabar su poder y hacer aparecer que la tortura, la esclavitud y el genocidio cometidos por los espa\u00f1oles contra los pueblos americanos nunca existi\u00f3, creando a su vez la llamada \u201cLeyenda rosa\u201d, donde se presenta a los espa\u00f1oles como fieles seguidores de Cristo que ven\u00edan a civilizar pueblos b\u00e1rbaros y atrasados para que formaran parte de la \u201ccivilizaci\u00f3n\u201d.<\/p>\n<p>Se les olvida a los defensores de esta leyenda rosa, tales como el Argentino con el improbable nombre de Marcelo Gullo Omodeo, que los pueblos americanos eran mucho m\u00e1s avanzados y civilizados que sus invasores. Mientras que Tenochtitl\u00e1n, la capital de los mexicas era una ciudad hermosa y vibrante, con agua corriente donde mil basureros limpiaban sus calles cada d\u00eda, en las calles de Europa se caminaba literalmente en r\u00edos de mierda, ya que los espa\u00f1oles como otros europeos no conoc\u00edan el aseo y lanzaban sus propias heces a las calles. De ah\u00ed que los espa\u00f1oles trajeran a Am\u00e9rica todo tipo de enfermedades contagiosas por su propia falta de higiene y por su convivencia con animales dom\u00e9sticos, tales como cerdos y vacas.<\/p>\n<p>Para los nativos americanos, el agua era sagrada y fuente de vida. Los nativos americanos se ba\u00f1aban todos los d\u00edas. Para los \u201ccivilizados\u201d europeos, el agua era fuente de enfermedades y escasamente se ba\u00f1aban, tapando sus malos olores con perfumes y sus cabezas con pelucas para que no se les vieran los piojos. Los nativos americanos no pod\u00edan soportar el olor asqueroso que emit\u00edan los cuerpos de los espa\u00f1oles y trataban de mantenerse alejados de ellos.<\/p>\n<p>Los espa\u00f1oles, como los narcotraficantes modernos, vinieron a buscar fortunas f\u00e1ciles, por eso exig\u00edan tributos en oro de todos los pueblos que iban decimando a su paso. Incluso, cuando llegaron al altiplano cundiboyacense, al ver los adornos de oro y las estatuas de oro que hab\u00edan en los templos, pensaron que hab\u00edan llegado a la tierra prometida, de donde naci\u00f3 la leyenda de \u201cEl Dorado\u201d, sitio donde hab\u00eda una cantidad incalculable de oro que los har\u00eda ricos al instante. Lo que nunca supieron estos invasores era que en el altiplano cundiboyacense, a pesar de haber tantos objetos de oro, NO exist\u00eda ni una sola mina de oro. Todo ese oro era obtenido por los muiscas por medio del trueque con otros pueblos, como los quimbayas, que s\u00ed ten\u00edan minas de oro.<\/p>\n<p>El car\u00e1cter depredador, cruel y despiadado de los espa\u00f1oles est\u00e1 documentado en miles de fuentes hist\u00f3ricas, incluidas las cr\u00f3nicas de fray Bartolom\u00e9 de las Casas, a quienes los supuestos contradictores de la falsa \u201cLeyenda negra\u201d se encargan de desacreditar y atacar como si fuera un enemigo de la mala \u201cmadre Espa\u00f1a\u201d.<\/p>\n<p>Las cr\u00f3nicas de la Inquisici\u00f3n espa\u00f1ola, que dur\u00f3 siglos, est\u00e1n llena de historias de horror, de miles personas cruelmente torturadas y ejecutadas por &#8220;herej\u00edas&#8221; o &#8220;brujer\u00eda&#8221;, como bien lo relata en su libro, El escribano cautivo, el recientemente fallecido escritor colombiano, Jorge Guaneme. Las estad\u00edsticas de asesinados por la Inquisici\u00f3n va de de 32 mil muertos, seg\u00fan unos a cientos de miles miles, seg\u00fan otros, incluidos 65 mil jud\u00edos.<\/p>\n<p>La Espa\u00f1a del siglo XVI era el imperio de la intolerancia pol\u00edtica y religiosa y del racismo exacerbado. Ya odiaban a los \u00e1rabes, a los jud\u00edos, a los negros, y en los ind\u00edgenas americanos concentraron todo su odio, trat\u00e1ndolos peor que animales y esclaviz\u00e1ndolos y explot\u00e1ndolos hasta extinguir pueblos enteros, como ocurriera con los ta\u00ednos.<\/p>\n<p>La mal llamada &#8220;Leyenda negra&#8221; es en verdad la historia de los victimarios que pretenden presentarse como las v\u00edctimas de un complot para desacreditarlos, sin embargo la historia no se puede adulterar tan f\u00e1cilmente. La invasi\u00f3n espa\u00f1ola represent\u00f3 uno de los actos de genocidio m\u00e1s grandes que haya visto la humanidad, donde m\u00e1s de 60 millones de ind\u00edgenas americanos perecieron a manos de los espa\u00f1oles, ya fuera por actos de guerra, enfermedades o hambrunas que estos mismos generaron al destruir todo el tejido social ind\u00edgena.<\/p>\n<p>Al llegar al Templo del Sol, un gran sitio sagrado de los muiscas en Sogamoso, cerca de Tunja, que estaba lleno de objetos de oro, verdaderas obras de arte que eran ofrecidas por los muiscas a sus deidades, lo primero que hicieron los espa\u00f1oles fue robarse el oro e incendiar el templo.<\/p>\n<p>Atrocidades similares fueron cometidas a lo largo y ancho del continente, esclavitud de pueblos enteros para hacerlos trabajar en minas de plata en Per\u00fa, por ejemplo, donde un hombre esclavo jam\u00e1s ve\u00eda la luz del sol y su esperanza de vida era de m\u00e1ximo de cuatro a\u00f1os; otra atrocidad que hizo un da\u00f1o incalculable fue la quema de los c\u00f3dices mayas por parte de Fray Diego de Landa. En la noche de julio 12 de de 1562 mand\u00f3 a quemar objetos sagrados, entre ellos 40 c\u00f3dices donde estaban la historia de los mayas y sus logros cient\u00edficos y literarios.<\/p>\n<p>Los verdaderos salvajes de la invasi\u00f3n de Am\u00e9rica fueron los espa\u00f1oles, que quemaron, violaron, saquearon y aniquilaron pueblos enteros, todo a nombre de una falsa evangelizaci\u00f3n, pero cuyo verdadero objetivo era la extracci\u00f3n de riquezas para el mantenimiento de Espa\u00f1a que se hab\u00eda vuelto un verdadero estado parasitario e improductivo y que eventualmente se resquebrajar\u00eda como imperio y que ser\u00eda por un largo tiempo el pa\u00eds m\u00e1s subdesarrollado de Europa.<\/p>\n<p>Resulta absolutamente absurdo y traicionero que un americano llamado \u201cMarcelo Gullo Omodese\u201d se dedique a defender lo que no tiene defensa, a justificar los cr\u00edmenes cometidos por los espa\u00f1oles con argumentos maniqueos, tales como que no se puede juzgar la historia de hace siglos con los valores actuales, cuando los valores actuales en nada han cambiado y sigue habiendo invasiones, genocidios y saqueo de riquezas, esta vez por compa\u00f1\u00edas multinacionales y pa\u00edses agresores, que en el mejor esp\u00edritu de la Espa\u00f1a del siglo XVI siguen invadiendo y destruyendo pa\u00edses para \u201cliberarlos de s\u00ed mismos\u201d e imponer su propio fascismo, disfrazado de democracia.<\/p>\n","protected":false},"excerpt":{"rendered":"<p>\u00bfMadre Patria o Puta Madre Patria?* Algunos espa\u00f1oles llevan d\u00e9cadas defendiendo a su pa\u00eds contra lo que ellos llaman la \u201cLeyenda negra\u201d, la cual seg\u00fan [&hellip;]<\/p>\n","protected":false},"author":1,"featured_media":0,"comment_status":"open","ping_status":"open","sticky":false,"template":"","format":"standard","meta":{"_jetpack_memberships_contains_paid_content":false,"footnotes":""},"categories":[11,15,18],"tags":[213,212],"class_list":["post-823","post","type-post","status-publish","format-standard","hentry","category-enganologia","category-esclavitud","category-fabula-infantil-para-adultos","tag-crimenes","tag-invasion-espanola-a-america"],"jetpack_featured_media_url":"","jetpack_sharing_enabled":true,"jetpack_likes_enabled":true,"_links":{"self":[{"href":"https:\/\/escritoresyperiodistas.online\/index.php\/wp-json\/wp\/v2\/posts\/823","targetHints":{"allow":["GET"]}}],"collection":[{"href":"https:\/\/escritoresyperiodistas.online\/index.php\/wp-json\/wp\/v2\/posts"}],"about":[{"href":"https:\/\/escritoresyperiodistas.online\/index.php\/wp-json\/wp\/v2\/types\/post"}],"author":[{"embeddable":true,"href":"https:\/\/escritoresyperiodistas.online\/index.php\/wp-json\/wp\/v2\/users\/1"}],"replies":[{"embeddable":true,"href":"https:\/\/escritoresyperiodistas.online\/index.php\/wp-json\/wp\/v2\/comments?post=823"}],"version-history":[{"count":5,"href":"https:\/\/escritoresyperiodistas.online\/index.php\/wp-json\/wp\/v2\/posts\/823\/revisions"}],"predecessor-version":[{"id":829,"href":"https:\/\/escritoresyperiodistas.online\/index.php\/wp-json\/wp\/v2\/posts\/823\/revisions\/829"}],"wp:attachment":[{"href":"https:\/\/escritoresyperiodistas.online\/index.php\/wp-json\/wp\/v2\/media?parent=823"}],"wp:term":[{"taxonomy":"category","embeddable":true,"href":"https:\/\/escritoresyperiodistas.online\/index.php\/wp-json\/wp\/v2\/categories?post=823"},{"taxonomy":"post_tag","embeddable":true,"href":"https:\/\/escritoresyperiodistas.online\/index.php\/wp-json\/wp\/v2\/tags?post=823"}],"curies":[{"name":"wp","href":"https:\/\/api.w.org\/{rel}","templated":true}]}}