{"id":720,"date":"2021-05-23T14:15:11","date_gmt":"2021-05-23T14:15:11","guid":{"rendered":"http:\/\/escritoresyperiodistas.online\/index.php\/2021\/05\/23\/silencio-complicidad\/"},"modified":"2021-05-24T17:27:09","modified_gmt":"2021-05-24T17:27:09","slug":"silencio-complicidad","status":"publish","type":"post","link":"https:\/\/escritoresyperiodistas.online\/index.php\/2021\/05\/23\/silencio-complicidad\/","title":{"rendered":"Operaci\u00f3n masacre:  Silencio = Complicidad"},"content":{"rendered":"<p><img loading=\"lazy\" decoding=\"async\" src=\"https:\/\/escritoresyperiodistas.online\/wp-content\/uploads\/2021\/05\/img_1035.jpg\" class=\"size-full wp-image-722\" width=\"320\" height=\"374\" srcset=\"https:\/\/escritoresyperiodistas.online\/wp-content\/uploads\/2021\/05\/img_1035.jpg 320w, https:\/\/escritoresyperiodistas.online\/wp-content\/uploads\/2021\/05\/img_1035-257x300.jpg 257w\" sizes=\"auto, (max-width: 320px) 100vw, 320px\" \/><\/p>\n<p>C\u00f3mo en Argentina, a\u00f1os 50, pero mil veces peor, Colombia est\u00e1 viviendo una &#8220;Operaci\u00f3n masacre&#8221; y los grandes medios de comunicaci\u00f3n la est\u00e1n ignorando.<\/p>\n<p>No s\u00e9 cu\u00e1ntas atrocidades de las que est\u00e1 cometiendo este gobierno criminal se puedan \u201ccompartir\u201d. Parece que los medios prefieren ignorar la matanza y quedarse callados, en un cobarde acto de complicidad con los perpetradores: Hay masacres, centros de tortura, desaparecidos que aparecen mutilados, cad\u00e1veres de j\u00f3venes arrastrados por el r\u00edo Cauca&#8230; La respuesta de Duque al descontento social por el deterioro de la vida a causa de la falsa pandemia y cuyo Florero de Ll\u00f3rente fuera un alza de impuestos, ha sido pasar la pol\u00edtica de Uribe de masacres en los campos a las ciudades. La polic\u00eda y los paramilitares han demostrado ser uno solo, trabajando juntos, y esto est\u00e1 plenamente documentado en fotos y videos, para reprimir y asesinar estudiantes.<\/p>\n<p>Duque es ahora el Videla, el Pinochet, el masacrador colombiano o simplemente Uribe en cuerpo ajeno. Estamos viviendo una &#8220;Operaci\u00f3n masacre&#8221; planeada por el estado y t\u00e1citamente apoyada por los Estados Unidos (el gobierno &#8220;progresista&#8221; de Biden, seg\u00fan Petro) que seguramente est\u00e1 ofreciendo su &#8220;asesor\u00eda&#8221; como lo hicieran en Indonesia donde masacraron un mill\u00f3n de personas.<\/p>\n<p>Mientras tanto Duque, en vez de negociar sus funestas pol\u00edticas, militariza m\u00e1s el Paro y se autoentrevista en ingl\u00e9s, denigrando del Paro, \u00bfser\u00e1 que quiere que los gringos vean qu\u00e9 buen perro de presa es? Aunque seguramente ya lo saben, ellos son los que tienen la correa y los secretos de su amo, y si quisieran lo echar\u00edan al fuego como hicieron con Noriega, otro de sus narcodictadores.<\/p>\n<p>Los muertos, torturados y secuestrados siguen aumentando. \u00a1La dictadura sanitaria y pol\u00edtica tiene que caer!<\/p>\n<p>Medios de comunicaci\u00f3n: Silencio = Complicidad.<br \/>\n<img loading=\"lazy\" decoding=\"async\" src=\"https:\/\/escritoresyperiodistas.online\/wp-content\/uploads\/2021\/05\/image_79f4bbd8-e1ae-4c93-a92b-3ee634c7c9a0.jpg\" alt=\"\" width=\"1080\" height=\"1232\"><\/p>\n<p>Nota sobre el libro de Roberto Walsh, Operaci\u00f3n masacre: <a href=\"https:\/\/es.wikipedia.org\/wiki\/Operaci%C3%B3n_Masacre\">https:\/\/es.wikipedia.org\/wiki\/Operaci%C3%B3n_Masacre<\/a><\/p>\n<p><img loading=\"lazy\" decoding=\"async\" src=\"https:\/\/escritoresyperiodistas.online\/wp-content\/uploads\/2021\/05\/img_1035-1.jpg\" class=\"size-full wp-image-728\" width=\"318\" height=\"426\" srcset=\"https:\/\/escritoresyperiodistas.online\/wp-content\/uploads\/2021\/05\/img_1035-1.jpg 318w, https:\/\/escritoresyperiodistas.online\/wp-content\/uploads\/2021\/05\/img_1035-1-224x300.jpg 224w\" sizes=\"auto, (max-width: 318px) 100vw, 318px\" \/><\/p>\n","protected":false},"excerpt":{"rendered":"<p>C\u00f3mo en Argentina, a\u00f1os 50, pero mil veces peor, Colombia est\u00e1 viviendo una &#8220;Operaci\u00f3n masacre&#8221; y los grandes medios de comunicaci\u00f3n la est\u00e1n ignorando. No [&hellip;]<\/p>\n","protected":false},"author":1,"featured_media":0,"comment_status":"open","ping_status":"open","sticky":false,"template":"","format":"standard","meta":{"_jetpack_memberships_contains_paid_content":false,"footnotes":""},"categories":[24,28],"tags":[41],"class_list":["post-720","post","type-post","status-publish","format-standard","hentry","category-fascismo","category-genocido","tag-genocidio"],"jetpack_featured_media_url":"","jetpack_sharing_enabled":true,"jetpack_likes_enabled":true,"_links":{"self":[{"href":"https:\/\/escritoresyperiodistas.online\/index.php\/wp-json\/wp\/v2\/posts\/720","targetHints":{"allow":["GET"]}}],"collection":[{"href":"https:\/\/escritoresyperiodistas.online\/index.php\/wp-json\/wp\/v2\/posts"}],"about":[{"href":"https:\/\/escritoresyperiodistas.online\/index.php\/wp-json\/wp\/v2\/types\/post"}],"author":[{"embeddable":true,"href":"https:\/\/escritoresyperiodistas.online\/index.php\/wp-json\/wp\/v2\/users\/1"}],"replies":[{"embeddable":true,"href":"https:\/\/escritoresyperiodistas.online\/index.php\/wp-json\/wp\/v2\/comments?post=720"}],"version-history":[{"count":11,"href":"https:\/\/escritoresyperiodistas.online\/index.php\/wp-json\/wp\/v2\/posts\/720\/revisions"}],"predecessor-version":[{"id":735,"href":"https:\/\/escritoresyperiodistas.online\/index.php\/wp-json\/wp\/v2\/posts\/720\/revisions\/735"}],"wp:attachment":[{"href":"https:\/\/escritoresyperiodistas.online\/index.php\/wp-json\/wp\/v2\/media?parent=720"}],"wp:term":[{"taxonomy":"category","embeddable":true,"href":"https:\/\/escritoresyperiodistas.online\/index.php\/wp-json\/wp\/v2\/categories?post=720"},{"taxonomy":"post_tag","embeddable":true,"href":"https:\/\/escritoresyperiodistas.online\/index.php\/wp-json\/wp\/v2\/tags?post=720"}],"curies":[{"name":"wp","href":"https:\/\/api.w.org\/{rel}","templated":true}]}}