{"id":707,"date":"2021-05-14T06:11:35","date_gmt":"2021-05-14T06:11:35","guid":{"rendered":"http:\/\/escritoresyperiodistas.online\/index.php\/2021\/05\/14\/gobierno-y-paramilitares-reprimiendo-y-asesinando-manifestantes\/"},"modified":"2021-05-14T13:56:14","modified_gmt":"2021-05-14T13:56:14","slug":"gobierno-y-paramilitares-reprimiendo-y-asesinando-manifestantes","status":"publish","type":"post","link":"https:\/\/escritoresyperiodistas.online\/index.php\/2021\/05\/14\/gobierno-y-paramilitares-reprimiendo-y-asesinando-manifestantes\/","title":{"rendered":"Gobierno y paramilitares, reprimiendo y asesinando manifestantes"},"content":{"rendered":"<p><img loading=\"lazy\" decoding=\"async\" src=\"https:\/\/escritoresyperiodistas.online\/wp-content\/uploads\/2021\/05\/image_d86d2c21-2e4e-4320-b787-f3e1e49b8c04.jpg\" alt=\"\" width=\"1014\" height=\"1236\"><\/p>\n<p>El gobierno t\u00e1citamente se ha unido con los grupos paramilitares que hasta amparados por la polic\u00eda est\u00e1n disparando a matar manifestantes con armas de todo tipo.<\/p>\n<h5>Lo que ven\u00eda ocurriendo desde hace d\u00e9cadas en el campo colombiano, con masacres por todo el pa\u00eds, perpetradas por paramilitares con el benepl\u00e1cito del ej\u00e9rcito, se ha trasladado ahora a las ciudades donde civiles armados en furgonetas blancas con placas tapadas, disparan indiscriminadamente a la gente a plena luz del d\u00eda y la polic\u00eda no hace nada por detenerlos ni por proteger a las v\u00edctimas.<\/h5>\n<p>Es hora de que el pueblo colombiano se entere de que la pandemia SOLO fue una excusa para imponer una dictadura sanitaria y que esta se ha vuelto ahora una dictadura pol\u00edtica, donde ya no se trata de \u201cpreservar la vida\u201d de los ciudadanos contra un virus que escasamente ten\u00eda la fuerza de una gripe, sino de exterminarlos a bala si no aceptan las medidas totalitarias de un r\u00e9gimen fraudulento y violento que se ha convertido en una dictadura represiva y asesina.<\/p>\n<p>He ah\u00ed la hipocres\u00eda del sistema que utiliz\u00f3 medidas dictatoriales para pretender que los encierros, mascarillas y \u201cdistanciamiento social\u201d era para proteger la vida de los colombianos cuando se logr\u00f3 exactamente lo contralor: aumentar las muertes por otras causas por falta de atenci\u00f3n m\u00e9dica, destruir la econom\u00eda arruinando decenas de miles de negocios peque\u00f1os y medianos y empeorar la salud de la gente con los encierros y mascarillas que acidifican la sangre al hacernos respirar nuestro propio CO2, haci\u00e9ndonos m\u00e1s propensos a las enfermedades.<\/p>\n<p>Este estado miserable de cosas quer\u00eda ser rematado con una reforma tributaria que ser\u00eda el golpe de gracia para la poblaci\u00f3n atribulada por falta de ingresos y de atenci\u00f3n m\u00e9dica.<\/p>\n<p>Una vez que el pueblo se alza para protestar, no solo contra la reforma tributaria, sino contra la reforma a la salud, etc. es que se dan \u00f3rdenes desde el Centro Democr\u00e1tico para que la \u201cfuerza p\u00fablica\u201d use fuerza letal contra los manifestantes, lo cual es un crimen de lesa humanidad, ya que se est\u00e1n asesinando civiles inermes que tienen el derecho constitucional a protestar pac\u00edficamente. Como hemos visto en m\u00faltiples videos, el gobierno ha infiltrado v\u00e1ndalos en las marchas para justificar el uso de una violencia desmedida contra la poblaci\u00f3n civil.<\/p>\n<p>Si a esto le sumamos, como en Cali, las declaraciones de los grupos paramilitares que prometen matar a cualquier manifestante que encuentren por la calle, sobre las que el gobierno no act\u00faa ni desautoriza, nos vemos a las puertas de una gran masacre que de hecho ya est\u00e1 sucediendo, como en Cali, con violaci\u00f3n de los Derechos Humanos, violaci\u00f3n de mujeres por parte de la polic\u00eda, secuestros, torturas y desapariciones. De estos hechos no se han escapado ni siquiera los defensores de los Derechos Humanos, seg\u00fan reporta el diario El Tiempo:<br \/>\n\u201cEn un comunicado en su cuenta de Twitter, la comisionada<strong>Juliette de Rivero<\/strong>acus\u00f3&nbsp; a la Polic\u00eda de disparar contra miembros de la comisi\u00f3n de <strong>ONU Derechos Humanos Colombia<\/strong>, pero aclar\u00f3 que nadie hab\u00eda resultado herido\u201d.<\/p>\n<p>No en vano el gobierno de Duque ha sido acusado por el senador Cepeda ante la Corte Penal Internacional por cr\u00edmenes de lesa humanidad, de los cuales hay pruebas grabadas por toda Colombia, donde se ve a los polic\u00edas disparando directamente a los manifestantes, ya sea con balas o gases lacrim\u00f3genos, ambas cosas prohibidas por convenios internacionales firmados por Colombia, acusaciones a las que el Estado debe responder castigando a los perpetradores de estos cr\u00edmenes, del presidente Duque para abajo, quienes han ignorado la Constituci\u00f3n colombiana y los tratados internacionales y est\u00e1n operando como un gran escuadr\u00f3n de la muerte, sembrando el terror y la muerte entre quienes est\u00e1n practicando su derecho leg\u00edtimo a protestar y a movilizarse a favor de sus intereses y a pedir cambios, reformas o suspensiones de leyes que les sean desfavorables y que pongan en peligro su propia subsistencia.<\/p>\n","protected":false},"excerpt":{"rendered":"<p>El gobierno t\u00e1citamente se ha unido con los grupos paramilitares que hasta amparados por la polic\u00eda est\u00e1n disparando a matar manifestantes con armas de todo [&hellip;]<\/p>\n","protected":false},"author":1,"featured_media":0,"comment_status":"open","ping_status":"open","sticky":false,"template":"","format":"standard","meta":{"_jetpack_memberships_contains_paid_content":false,"footnotes":""},"categories":[185,1],"tags":[183,184,182,181],"class_list":["post-707","post","type-post","status-publish","format-standard","hentry","category-crimenes-de-estado-paramilitarismo","category-uncategorized","tag-asesinato","tag-complicidad-del-gobierno","tag-paramilitares","tag-represion"],"jetpack_featured_media_url":"","jetpack_sharing_enabled":true,"jetpack_likes_enabled":true,"_links":{"self":[{"href":"https:\/\/escritoresyperiodistas.online\/index.php\/wp-json\/wp\/v2\/posts\/707","targetHints":{"allow":["GET"]}}],"collection":[{"href":"https:\/\/escritoresyperiodistas.online\/index.php\/wp-json\/wp\/v2\/posts"}],"about":[{"href":"https:\/\/escritoresyperiodistas.online\/index.php\/wp-json\/wp\/v2\/types\/post"}],"author":[{"embeddable":true,"href":"https:\/\/escritoresyperiodistas.online\/index.php\/wp-json\/wp\/v2\/users\/1"}],"replies":[{"embeddable":true,"href":"https:\/\/escritoresyperiodistas.online\/index.php\/wp-json\/wp\/v2\/comments?post=707"}],"version-history":[{"count":3,"href":"https:\/\/escritoresyperiodistas.online\/index.php\/wp-json\/wp\/v2\/posts\/707\/revisions"}],"predecessor-version":[{"id":710,"href":"https:\/\/escritoresyperiodistas.online\/index.php\/wp-json\/wp\/v2\/posts\/707\/revisions\/710"}],"wp:attachment":[{"href":"https:\/\/escritoresyperiodistas.online\/index.php\/wp-json\/wp\/v2\/media?parent=707"}],"wp:term":[{"taxonomy":"category","embeddable":true,"href":"https:\/\/escritoresyperiodistas.online\/index.php\/wp-json\/wp\/v2\/categories?post=707"},{"taxonomy":"post_tag","embeddable":true,"href":"https:\/\/escritoresyperiodistas.online\/index.php\/wp-json\/wp\/v2\/tags?post=707"}],"curies":[{"name":"wp","href":"https:\/\/api.w.org\/{rel}","templated":true}]}}