{"id":700,"date":"2021-05-12T16:48:51","date_gmt":"2021-05-12T16:48:51","guid":{"rendered":"http:\/\/escritoresyperiodistas.online\/index.php\/2021\/05\/12\/por-que-mataron-a-lucas-villa\/"},"modified":"2021-05-12T19:45:12","modified_gmt":"2021-05-12T19:45:12","slug":"por-que-mataron-a-lucas-villa","status":"publish","type":"post","link":"https:\/\/escritoresyperiodistas.online\/index.php\/2021\/05\/12\/por-que-mataron-a-lucas-villa\/","title":{"rendered":"\u00bfPor qu\u00e9 mataron a Lucas Villa?"},"content":{"rendered":"<p><img loading=\"lazy\" decoding=\"async\" src=\"https:\/\/escritoresyperiodistas.online\/wp-content\/uploads\/2021\/05\/typorama.png\" class=\"size-full wp-image-701\" width=\"1917\" height=\"2048\" srcset=\"https:\/\/escritoresyperiodistas.online\/wp-content\/uploads\/2021\/05\/typorama.png 1917w, https:\/\/escritoresyperiodistas.online\/wp-content\/uploads\/2021\/05\/typorama-281x300.png 281w, https:\/\/escritoresyperiodistas.online\/wp-content\/uploads\/2021\/05\/typorama-959x1024.png 959w, https:\/\/escritoresyperiodistas.online\/wp-content\/uploads\/2021\/05\/typorama-768x820.png 768w, https:\/\/escritoresyperiodistas.online\/wp-content\/uploads\/2021\/05\/typorama-1438x1536.png 1438w\" sizes=\"auto, (max-width: 1917px) 100vw, 1917px\" \/><\/p>\n<p>Porque en este pa\u00eds la vida no vale nada<br \/>\nPorque estamos viviendo bajo un narcoestado paramilitar<br \/>\nPorque nos llevan masacrando por m\u00e1s de 500 a\u00f1os y nadie ha sido castigado por eso<br \/>\nPorque los sicarios disparan al lado de la polic\u00eda, protegidos por la polic\u00eda o tal vez son parte de la polic\u00eda<br \/>\nPorque hay un grupo criminal llamado \u00c1guilas Negras que amenaza y mata, pero nadie de ese grupo ha sido nunca arrestado, ni ese grupo ha sido perseguido o investigado<br \/>\nPorque el narcoestado no quiere que se sepa que vivimos bajo un narcoestado pero quiere suprimir la protesta exactamente como lo har\u00edan en un narcoestado<br \/>\nPorque Lucas era alegre, optimista, gozaba de la vida y protestaba pac\u00edficamente<br \/>\nPorque el estado ofrece una recompensa para capturarse a s\u00ed mismo<br \/>\nPorque la justicia es una farsa, el Congreso dos farsas y las elecciones un baloto cuyo ganador se sabe de antemano<br \/>\nPorque el paramilitarismo del campo ahora opera en las ciudades y los paracos resultaron ser \u201cgente decente\u201d, es decir \u201cbuenos muchachos\u201d<br \/>\nPorque hay una persona que no quiere que se sepa que \u00e9l es el gran capo del narcoparamilitarismo en Colombia<br \/>\nPorque la corrupci\u00f3n en Colombia es tal que para acabarla habr\u00eda que demoler el estado<br \/>\nPorque desde el primer ind\u00edgena asesinado por los espa\u00f1oles en este continente hasta el m\u00e1s reciente asesinato de quien proteste por estar inconforme con el sistema se ha formado una cadena de violencia que obedece a la mentalidad de las Cruzadas y del cura doctrinero: Acabar, demoler, exterminar a todo aquel que no obedezca los dogmas creados por la falsa civilizaci\u00f3n occidental basada en el odio, el racismo, la explotaci\u00f3n, la competencia desleal y el genocidio\u2026<\/p>\n","protected":false},"excerpt":{"rendered":"<p>Porque en este pa\u00eds la vida no vale nada Porque estamos viviendo bajo un narcoestado paramilitar Porque nos llevan masacrando por m\u00e1s de 500 a\u00f1os [&hellip;]<\/p>\n","protected":false},"author":1,"featured_media":0,"comment_status":"open","ping_status":"open","sticky":false,"template":"","format":"standard","meta":{"_jetpack_memberships_contains_paid_content":false,"footnotes":""},"categories":[28],"tags":[180],"class_list":["post-700","post","type-post","status-publish","format-standard","hentry","category-genocido","tag-crimenes-de-estado"],"jetpack_featured_media_url":"","jetpack_sharing_enabled":true,"jetpack_likes_enabled":true,"_links":{"self":[{"href":"https:\/\/escritoresyperiodistas.online\/index.php\/wp-json\/wp\/v2\/posts\/700","targetHints":{"allow":["GET"]}}],"collection":[{"href":"https:\/\/escritoresyperiodistas.online\/index.php\/wp-json\/wp\/v2\/posts"}],"about":[{"href":"https:\/\/escritoresyperiodistas.online\/index.php\/wp-json\/wp\/v2\/types\/post"}],"author":[{"embeddable":true,"href":"https:\/\/escritoresyperiodistas.online\/index.php\/wp-json\/wp\/v2\/users\/1"}],"replies":[{"embeddable":true,"href":"https:\/\/escritoresyperiodistas.online\/index.php\/wp-json\/wp\/v2\/comments?post=700"}],"version-history":[{"count":4,"href":"https:\/\/escritoresyperiodistas.online\/index.php\/wp-json\/wp\/v2\/posts\/700\/revisions"}],"predecessor-version":[{"id":705,"href":"https:\/\/escritoresyperiodistas.online\/index.php\/wp-json\/wp\/v2\/posts\/700\/revisions\/705"}],"wp:attachment":[{"href":"https:\/\/escritoresyperiodistas.online\/index.php\/wp-json\/wp\/v2\/media?parent=700"}],"wp:term":[{"taxonomy":"category","embeddable":true,"href":"https:\/\/escritoresyperiodistas.online\/index.php\/wp-json\/wp\/v2\/categories?post=700"},{"taxonomy":"post_tag","embeddable":true,"href":"https:\/\/escritoresyperiodistas.online\/index.php\/wp-json\/wp\/v2\/tags?post=700"}],"curies":[{"name":"wp","href":"https:\/\/api.w.org\/{rel}","templated":true}]}}