{"id":683,"date":"2021-05-06T06:38:35","date_gmt":"2021-05-06T06:38:35","guid":{"rendered":"http:\/\/escritoresyperiodistas.online\/index.php\/2021\/05\/06\/atacando-el-paro-con-los-metodos-criminales-de-pinochet\/"},"modified":"2021-05-06T16:19:40","modified_gmt":"2021-05-06T16:19:40","slug":"atacando-el-paro-con-los-metodos-criminales-de-pinochet","status":"publish","type":"post","link":"https:\/\/escritoresyperiodistas.online\/index.php\/2021\/05\/06\/atacando-el-paro-con-los-metodos-criminales-de-pinochet\/","title":{"rendered":"Atacando el paro con los m\u00e9todos criminales de Pinochet"},"content":{"rendered":"<p><img loading=\"lazy\" decoding=\"async\" src=\"https:\/\/escritoresyperiodistas.online\/wp-content\/uploads\/2021\/05\/img_0100.jpg\" class=\"size-full wp-image-684\" width=\"600\" height=\"338\" srcset=\"https:\/\/escritoresyperiodistas.online\/wp-content\/uploads\/2021\/05\/img_0100.jpg 600w, https:\/\/escritoresyperiodistas.online\/wp-content\/uploads\/2021\/05\/img_0100-300x169.jpg 300w\" sizes=\"auto, (max-width: 600px) 100vw, 600px\" \/>Desde que se inici\u00f3 la falsa pandemia hemos estadio viviendo bajo una dictadura. La dictadura pretend\u00eda que te ten\u00eda encerrado en casa mientras tu vida y tus negocios o empleo se arruinaban, con el pretexto de salvarte la vida de un virus. Curioso que ahora bajo el Paro, salvarte la vida es lo de menos, porque la polic\u00eda est\u00e1 asesinando, torturando, despareciendo y secuestrando a cientos o tal vez miles de j\u00f3venes, usando las mismas t\u00e1cticas que usara la dictadura fascista de Pinochet tras el golpe contra Salvador Allende el 11 de septiembre de 1973.<\/p>\n<p>El gobierno que estaba tan preocupado por tu salud, ahora te persigue a balazos, ca\u00f1onazos, con tanques, helic\u00f3pteros, rockets, balas, gases lacrim\u00f3genos\u2026 \u00bfPor qu\u00e9 crees que el mismo gobierno que dec\u00eda que nos estaba protegiendo contra un virus ahora nos est\u00e9 persiguiendo y asesinando? Porque la falsa pandemia solo fue una excusa para imponer medidas dictatoriales y acabar con el estado de derecho.<\/p>\n<p>El estado que \u201cvelaba por nuestra salud\u201d oblig\u00e1ndonos a usar mascarillas, a guardar una \u201cdistancia social\u201d y que nos ten\u00eda encarcelados, se ha quitado por fin su m\u00e1scara y el monstruo que estaba escondido debajo muestra su horrenda cara: Es el mismo estado que por d\u00e9cadas o siglos ha estado masacrando ind\u00edgenas y campesinos en regiones apartadas del pa\u00eds, pero que ahora ha trasladado esas masacres a los centros urbanos. Ya sabemos a ciencia cierta qui\u00e9nes son las \u201c\u00c1guilas Negras\u201d, ya las hemos visto vestidas de ESMAD o de infiltrados con capuchas, asesinando a j\u00f3venes inermes en medio de la noche o a plena luz del d\u00eda, en esquinas oscuras o en calles completamente iluminadas. Las masacres y ataques indiscriminados que NUNCA se filmaron en el campo ahora son registradas por decenas de miles de celulares que nos est\u00e1n mostrando en vivo y en directo a un estado asesino, cuya fuerza p\u00fablica es en verdad un ej\u00e9rcito de sicarios a sueldo del estado y la verdad que se ocult\u00f3 por a\u00f1os, al trasladarse a las ciudades hace evidente c\u00f3mo se perpetraron las masacres en el campo y los falsos positivos: El estado ha creado una gigantesca fuerza asesina que usa cuando le plazca y contra qui\u00e9n le plazca.<\/p>\n<p>\u00a1Ambos estado asesino y su fuerza asesina deben ser desmantelados! No es que haya una fruta podrida: Todo el estado est\u00e1 podrido: Justicia, Salud, Fuerzas Armadas, Polic\u00eda, Congreso, partidos pol\u00edticos, y la cabeza de este monstruo es la presidencia de la rep\u00fablica, en concierto con narcoparamilitares quienes son los que ahora gobiernan este pa\u00eds.<\/p>\n<p>Lo que estamos viendo NO es casualidad ni una aberraci\u00f3n del sistema: Este sistema es una m\u00e1quina criminal de corrupci\u00f3n, crimen, robo, que se reflejan en el subdesarrollo perpetuo en el que estamos sumidos: No hay trenes para no hacerle la competencia a la mafia de due\u00f1os de grandes flotas de camiones, no hay un metro en Bogot\u00e1 para que el corrupto de Pe\u00f1alosa pudiera vendernos los buses obsoletos que desechaban en Europa.<\/p>\n<p>Y, lo peor de todo: En Colombia la izquierda NO es oposici\u00f3n, es parte del sistema. Nunca se opuso a las medidas dictatoriales de la falsa pandemia e incluso pide m\u00e1s medidas dictatoriales, vacunas mortales e in\u00fatiles y m\u00e1s encierros.<\/p>\n<p>Nos est\u00e1n masacrando ante los ojos del mundo entero, tenemos a un criminal en la presidencia, hay sangre en sus manos, tiene que renunciar e ir a juicio por los cr\u00edmenes cometidos. Colombia NO aguanta m\u00e1s la mafia narcoparamilitar del uribismo que ha sumido al pa\u00eds en un abismo de terror, de masacres, de amenazas, de asesinatos a l\u00edderes sociales y de oposici\u00f3n y ahora de j\u00f3venes estudiantes que protestaban pac\u00edficamente exigiendo sus derechos.<\/p>\n<p>El gobierno asesino debe caer, no hay conciliaci\u00f3n con el verdugo porque siempre recurrir\u00e1 a la misma opci\u00f3n asesina si se le deja impune.<\/p>\n<p>Colombia esta viviendo un pinochetazo que conducir\u00e1 a a\u00f1os de dictadura, persecuci\u00f3n y muerte si no hacemos renunciar ya a este gobierno y exigimos que se convoquen unas elecciones leg\u00edtimas, que excluyan a todos los criminales que est\u00e1n hoy en el poder.<\/p>\n","protected":false},"excerpt":{"rendered":"<p>Desde que se inici\u00f3 la falsa pandemia hemos estadio viviendo bajo una dictadura. La dictadura pretend\u00eda que te ten\u00eda encerrado en casa mientras tu vida [&hellip;]<\/p>\n","protected":false},"author":1,"featured_media":0,"comment_status":"open","ping_status":"open","sticky":false,"template":"","format":"standard","meta":{"_jetpack_memberships_contains_paid_content":false,"footnotes":""},"categories":[13,20],"tags":[175,176,177],"class_list":["post-683","post","type-post","status-publish","format-standard","hentry","category-pandemia-falsa","category-perdida-de-libertades","tag-conombia","tag-duque","tag-masacre"],"jetpack_featured_media_url":"","jetpack_sharing_enabled":true,"jetpack_likes_enabled":true,"_links":{"self":[{"href":"https:\/\/escritoresyperiodistas.online\/index.php\/wp-json\/wp\/v2\/posts\/683","targetHints":{"allow":["GET"]}}],"collection":[{"href":"https:\/\/escritoresyperiodistas.online\/index.php\/wp-json\/wp\/v2\/posts"}],"about":[{"href":"https:\/\/escritoresyperiodistas.online\/index.php\/wp-json\/wp\/v2\/types\/post"}],"author":[{"embeddable":true,"href":"https:\/\/escritoresyperiodistas.online\/index.php\/wp-json\/wp\/v2\/users\/1"}],"replies":[{"embeddable":true,"href":"https:\/\/escritoresyperiodistas.online\/index.php\/wp-json\/wp\/v2\/comments?post=683"}],"version-history":[{"count":3,"href":"https:\/\/escritoresyperiodistas.online\/index.php\/wp-json\/wp\/v2\/posts\/683\/revisions"}],"predecessor-version":[{"id":687,"href":"https:\/\/escritoresyperiodistas.online\/index.php\/wp-json\/wp\/v2\/posts\/683\/revisions\/687"}],"wp:attachment":[{"href":"https:\/\/escritoresyperiodistas.online\/index.php\/wp-json\/wp\/v2\/media?parent=683"}],"wp:term":[{"taxonomy":"category","embeddable":true,"href":"https:\/\/escritoresyperiodistas.online\/index.php\/wp-json\/wp\/v2\/categories?post=683"},{"taxonomy":"post_tag","embeddable":true,"href":"https:\/\/escritoresyperiodistas.online\/index.php\/wp-json\/wp\/v2\/tags?post=683"}],"curies":[{"name":"wp","href":"https:\/\/api.w.org\/{rel}","templated":true}]}}