{"id":678,"date":"2021-04-03T15:51:39","date_gmt":"2021-04-03T15:51:39","guid":{"rendered":"http:\/\/escritoresyperiodistas.online\/index.php\/2021\/04\/03\/adios-a-la-guerra-contra-el-terrorismo-saludemos-a-la-pandemia-permanente\/"},"modified":"2021-04-03T15:51:39","modified_gmt":"2021-04-03T15:51:39","slug":"adios-a-la-guerra-contra-el-terrorismo-saludemos-a-la-pandemia-permanente","status":"publish","type":"post","link":"https:\/\/escritoresyperiodistas.online\/index.php\/2021\/04\/03\/adios-a-la-guerra-contra-el-terrorismo-saludemos-a-la-pandemia-permanente\/","title":{"rendered":"Adi\u00f3s a la guerra contra el terrorismo, \u00a1saludemos a la pandemia permanente!"},"content":{"rendered":"<p>\u2022 Children&#8217;s Health Defense<br \/>\n<img loading=\"lazy\" decoding=\"async\" src=\"https:\/\/escritoresyperiodistas.online\/wp-content\/uploads\/2021\/04\/image_b61c9952-5ee3-48a1-9785-0dc7ab75cf4c.jpg\" alt=\"\" width=\"1600\" height=\"834\"><br \/>\nLos que est\u00e1n en posiciones de poder han reconocido desde hace tiempo que las condiciones de miedo y p\u00e1nico proporcionan oportunidades explotables para reestructurar la sociedad. COVID-19](https:\/\/childrenshealthdefense.org\/defender_category\/covid\/) es sin duda un ejemplo de libro de texto de esta observaci\u00f3n, que ilustra que las campa\u00f1as de miedo bien afinadas pueden persuadir a muchas personas a abandonar las libertades esenciales <a href=\"https:\/\/childrenshealthdefense.org\/defender\/holocaust-survivor-vera-sharav-covid\/\">m\u00e9dicas e individuales<\/a>.<\/p>\n<p>Uno de los elementos clave de la caja de herramientas del propagandista para <a href=\"https:\/\/academyofideas.com\/2015\/11\/fear-and-social-control\/\">perpetuar el miedo<\/a> es la repetici\u00f3n, sobre todo si los mensajes de miedo provienen de diferentes direcciones y fuentes y est\u00e1n revestidos de un barniz de oficialidad y respetabilidad.<\/p>\n<p>As\u00ed, en los primeros meses de 2021, hemos visto una proliferaci\u00f3n de advertencias en las que se dice a los estadounidenses que las pandemias suponen una &#8220;<a href=\"https:\/\/biodefensecommission.org\/wp-content\/uploads\/2021\/01\/Apollo_report_final_v5_022521_web.pdf\">amenaza existencial<\/a> &#8221; para Estados Unidos y que est\u00e1n <a href=\"https:\/\/www.bloomberg.com\/opinion\/articles\/2021-03-24\/when-will-covid-end-we-must-start-planning-for-a-permanent-pandemic\">aqu\u00ed para quedarse<\/a>.<\/p>\n<p><strong>&#8216;Amenazas existenciales&#8217;: la historia se repite<\/strong><\/p>\n<p>En enero, una comisi\u00f3n bipartidista public\u00f3 un dram\u00e1tico [informe] de 44 p\u00e1ginas (https:\/\/biodefensecommission.org\/wp-content\/uploads\/2021\/01\/Apollo_report_final_v5_022521_web.pdf) en el que ped\u00eda un &#8220;Programa Apolo para la Biodefensa&#8221;, comparando expl\u00edcitamente la propuesta con los esfuerzos que llevaron por primera vez a los humanos a la luna. La comisi\u00f3n sent\u00f3 las bases de su informe en <a href=\"https:\/\/biodefensecommission.org\/reports\/a-national-blueprint-for-biodefense\/\">2015<\/a>, cuando public\u00f3 un Plan Nacional de Biodefensa.<\/p>\n<p>Ahora, aprovechando el impulso del COVID-19, la comisi\u00f3n aboga por un presupuesto de biodefensa ampliamente ampliado que llega a billones de d\u00f3lares anuales para poner en pr\u00e1ctica su proyecto, convenientemente preparado.<\/p>\n<p>Los principales miembros de la Comisi\u00f3n de Biodefensa utilizaron la &#8220;amenaza existencial&#8221; (https:\/\/www.foxnews.com\/transcript\/lieberman-you-cant-defeat-enemy-unless-you-call-by-name) tras la referencia al \u201cterrorismo\u201d del 11 de septiembre con el mismo lenguaje que utilizan ahora en relaci\u00f3n con las pandemias. El presidente de la Comisi\u00f3n, Joseph Lieberman, <a href=\"https:\/\/www.dhs.gov\/blog\/2012\/12\/20\/honoring-senator-lieberman-dhs-distinguished-service-award\">defendi\u00f3<\/a> la creaci\u00f3n del Departamento de Seguridad Nacional tras el 11 de septiembre; el copresidente Thomas Ridge fue el primer [director] de Seguridad Nacional (https:\/\/www.dhs.gov\/thomas-j-ridge).<\/p>\n<p>Alrededor de 2014, los l\u00edderes mundiales empezaron a se\u00f1alar su intenci\u00f3n de cambiar la Guerra contra el Terror por una <a href=\"https:\/\/consentfactory.org\/2020\/10\/13\/the-covidian-cult\/\">nueva narrativa<\/a>. Ese oto\u00f1o, el presidente Obama organiz\u00f3 la primera <a href=\"https:\/\/childrenshealthdefense.org\/child-health-topics\/health-freedom\/vaccine-mandates-for-everyone-everywhere-a-globally-coordinated-agenda\/\">reuni\u00f3n importante<\/a> de la <a href=\"https:\/\/ghsagenda.org\/\">Agenda Global de Seguridad Sanitaria<\/a> (GHSA) -que posteriormente elev\u00f3 a <a href=\"https:\/\/blogs.cdc.gov\/global\/2016\/11\/04\/president-obama-cements-global-health-security-agenda-as-a-national-priority\/\">prioridad nacional<\/a>&#8211; y poco despu\u00e9s declar\u00f3 que la amenaza terrorista estaba &#8220;<a href=\"https:\/\/www.realclearpolitics.com\/video\/2015\/02\/01\/obama_we_should_stop_overinflating_importance_of_terror_groups_as_if_they_are_an_existential_threat_to_us.html\">sobreinflada<\/a>&#8220;.<\/p>\n<p>Al observar la minimizaci\u00f3n del terrorismo por parte de Obama y de los altos funcionarios de la administraci\u00f3n, incluido el entonces vicepresidente Biden, los periodistas de The Guardian <a href=\"https:\/\/www.theguardian.com\/commentisfree\/2015\/feb\/24\/terrorism-poses-no-existential-threat-to-america\">intervinieron<\/a>, calificando las afirmaciones de una &#8220;amenaza [terrorista] existencial&#8221; de hiperb\u00f3licas, &#8220;descabelladas&#8221; y &#8220;absurdas&#8221;. Al a\u00f1o siguiente, la Comisi\u00f3n de Biodefensa public\u00f3 su Plan Nacional.<\/p>\n<p><strong>Prep\u00e1rense para lo que viene<\/strong><\/p>\n<p>Coincidiendo con el informe de la Comisi\u00f3n de Biodefensa, los medios de comunicaci\u00f3n est\u00e1n diciendo al p\u00fablico que &#8220;empiece a planificar para una <a href=\"https:\/\/www.bloomberg.com\/opinion\/articles\/2021-03-24\/when-will-covid-end-we-must-start-planning-for-a-permanent-pandemic\">pandemia permanente<\/a>&#8220;. Por ejemplo, empleando el lenguaje cargado que tanto favorece a los <a href=\"https:\/\/www.kwintessential.co.uk\/blog\/general-interest\/the-language-of-propaganda-how-words-can-sway-a-nation\">propagandistas<\/a>, el escritor alem\u00e1n-estadounidense Andreas Kluth <a href=\"https:\/\/www.bloomberg.com\/opinion\/articles\/2021-03-24\/when-will-covid-end-we-must-start-planning-for-a-permanent-pandemic\">advirti\u00f3 a los estadounidenses<\/a> el 24 de marzo (en Bloomberg) de una &#8220;carrera armament\u00edstica mundial&#8221; que enfrenta a las &#8220;mutaciones de los coronavirus&#8230; con las vacunas&#8221;, sugiriendo que el <a href=\"https:\/\/childrenshealthdefense.org\/news\/republish\/chds-letter-to-congress-urging-covid-19-origins-investigation\/\">SARS-CoV-2<\/a> podr\u00eda &#8220;convertirse en nuestro enemigo permanente, como la gripe pero peor&#8221;.<\/p>\n<p>Un antiguo redactor de The Economist y autodenominado int\u00e9rprete de [\u00e9xitos y fracasos] hist\u00f3ricos (https:\/\/www.goodreads.com\/book\/show\/11566000-hannibal-and-me), Kluth evoca un enemigo, un virus mutante, demasiado \u201ccambiante y escurridizo\u201d para ser vencido que sin duda da en el clavo de los expertos en biodefensa. Lejos de rechazar la hip\u00e9rbole pand\u00e9mica por considerarla &#8220;descabellada&#8221; o &#8220;absurda&#8221;, Kluth aconseja alegremente a los estadounidenses que se preparen para &#8220;<a href=\"https:\/\/www.bloomberg.com\/opinion\/articles\/2021-03-24\/when-will-covid-end-we-must-start-planning-for-a-permanent-pandemic\">ciclos interminables<\/a> de brotes y remisiones, restricciones sociales y relajaciones, cierres y reaperturas&#8221;.<\/p>\n<p>Ir\u00f3nicamente, Kluth abog\u00f3 el pasado mes de julio por un renacimiento del &#8220;liberalismo cl\u00e1sico&#8221;, aclarando que se refer\u00eda &#8220;no en el sentido estadounidense de &#8216;izquierda&#8217;, sino en el europeo de &#8216;<a href=\"http:\/\/www.jewishworldreview.com\/0720\/kluth072920.php3\">libertad<\/a>&#8216;&#8221;.<\/p>\n<p>Kluth tambi\u00e9n asegura a los residentes de Estados Unidos y otras naciones ricas que la vacunaci\u00f3n &#8220;un par de veces al a\u00f1o&#8221; ser\u00e1 <a href=\"https:\/\/www.bloomberg.com\/opinion\/articles\/2021-03-24\/when-will-covid-end-we-must-start-planning-for-a-permanent-pandemic\">parte de<\/a> la &#8220;nueva normalidad&#8221;. Sin embargo, abogando por el realismo, advierte que la vacunaci\u00f3n contra &#8220;la \u00faltima variante en circulaci\u00f3n&#8221; nunca se producir\u00e1 &#8220;con la suficiente rapidez o amplitud como para lograr la inmunidad de reba\u00f1o.&#8221;<\/p>\n<p>Las notas m\u00e1s positivas que Kluth parece ser capaz de tocar son sus conclusiones de que este &#8220;Brave New World no tiene por qu\u00e9 ser dist\u00f3pico&#8221; y que, con cada cierre sucesivo, &#8220;nosotros [da\u00f1aremos] la econom\u00eda menos que en el anterior&#8221;.<\/p>\n<p><strong>Red de control global<\/strong><\/p>\n<p>Como han se\u00f1alado Children&#8217;s Health Defense y <a href=\"https:\/\/childrenshealthdefense.org\/defender\/globalist-technocrats-great-reset-plan\/\">otros<\/a>, el COVID-19 y el espectro de las pandemia en general ofrecen un pretexto \u00fatil para la revisi\u00f3n financiera y de gobernanza m\u00e1s amplia que se est\u00e1 llevando a cabo, beneficiando a unos pocos mientras se construye una <a href=\"https:\/\/childrenshealthdefense.org\/defender\/pandemic-beneficiaries-technocrats\/\">red de control global<\/a> para los muchos.<\/p>\n<p>En este contexto, no deber\u00eda sorprendernos que el informe de la Comisi\u00f3n de Biodefensa destaque 15 <a href=\"https:\/\/biodefensecommission.org\/wp-content\/uploads\/2021\/01\/Apollo_report_final_v5_022521_web.pdf\">prioridades tecnol\u00f3gicas b\u00e1sicas<\/a> que reestructurar\u00edan fundamentalmente la sociedad y la vida cotidiana tanto en el \u00e1mbito f\u00edsico como en el digital al servicio de la vigilancia pat\u00f3gena. \u00c9stas <a href=\"https:\/\/biodefensecommission.org\/wp-content\/uploads\/2021\/01\/Apollo_report_final_v5_022521_web.pdf\">incluyen<\/a>:<\/p>\n<ul>\n<li>Un Sistema Nacional de Datos de Salud P\u00fablica para &#8220;integrar, curar y analizar&#8221; datos granulares a todos los niveles en &#8220;tiempo real&#8221;.<\/li>\n<li>Una &#8220;vigilancia digital de pat\u00f3genos&#8221; impulsada por la inteligencia artificial que incluya el seguimiento de fuentes de datos como las redes sociales, los foros en l\u00ednea y las consultas de b\u00fasqueda en Internet.<\/li>\n<li>Supresi\u00f3n de la transmisi\u00f3n de pat\u00f3genos en el entorno construido&#8221;, incluyendo &#8220;sistemas de filtraci\u00f3n y esterilizaci\u00f3n del aire&#8221; que podr\u00edan implicar la difusi\u00f3n de <a href=\"https:\/\/childrenshealthdefense.org\/defender\/epa-approves-chemical-air-treatment-covid-health-hazards\/\">nanopart\u00edculas<\/a> (no se requiere consentimiento) a trav\u00e9s de los sistemas de calefacci\u00f3n, ventilaci\u00f3n y aire acondicionado.<\/li>\n<li>M\u00e9todos de administraci\u00f3n de f\u00e1rmacos y vacunas &#8220;sin agujas&#8221; para &#8220;aumentar la aceptaci\u00f3n&#8221; y sortear &#8220;los retos log\u00edsticos de la entrega de estos productos farmac\u00e9uticos a miles de millones de personas potencialmente&#8221;.<\/li>\n<\/ul>\n<p>A la luz de estas prioridades declaradas, es interesante observar que Ridge, de la Comisi\u00f3n de Biodefensa, dirige una empresa hom\u00f3nima de <a href=\"https:\/\/www.ridgeglobal.com\/\">consultor\u00eda de seguridad<\/a> en Beltway, mientras que Lieberman trabaja como <a href=\"https:\/\/kasowitz.com\/people\/joseph-i-lieberman\">asesor principal<\/a> para un bufete de abogados de Nueva York cuya lista de clientes de servicios financieros, inmobiliarios y (bio)tecnol\u00f3gicos <a href=\"https:\/\/kasowitz.com\/clients\">incluye<\/a> <a href=\"https:\/\/childrenshealthdefense.org\/defender\/google-hit-third-antitrust-lawsuit-monopolizing-online-searches\/\">Google<\/a> y la israel\u00ed Teva Pharmaceuticals.<\/p>\n<p>Teva anunci\u00f3 en febrero que est\u00e1 <a href=\"https:\/\/news.yahoo.com\/exclusive-teva-pharm-talks-co-152231755.html\">en conversaciones<\/a> con los fabricantes de <a href=\"https:\/\/childrenshealthdefense.org\/defender\/covid-19-vaccine-news\/\">la vacuna COVID-19<\/a> sobre la posible &#8220;coproducci\u00f3n&#8221; de algunas de las vacunas. Ese mismo d\u00eda, el director general de Teva <a href=\"https:\/\/www.cnbc.com\/video\/2021\/02\/10\/teva-pharmaceuticals-ceo-on-the-covid-19-vaccine-rollout-in-israel.html\">dijo a Meg Tirrell de la CNBC<\/a> (que pregunt\u00f3 por este &#8220;punto muy brillante en el negocio de Teva&#8221;) que la empresa estaba &#8220;orgullosa de ser los socios&#8221; para la distribuci\u00f3n y la log\u00edstica de la vacuna experimental <a href=\"https:\/\/childrenshealthdefense.org\/defender\/pfizers-covid-vaccine-lucrative\/\">de Pfizer<\/a> en Israel que, a mediados de marzo, hab\u00eda administrado las vacunas a <a href=\"https:\/\/time.com\/5947967\/israel-covid-vaccine-rollout\/\">casi el 60%<\/a> de la poblaci\u00f3n, &#8220;m\u00e1s dosis per c\u00e1pita que cualquier otro pa\u00eds&#8221;, seg\u00fan Tirrell.<\/p>\n<p>El director general de Teva no dijo ni p\u00edo sobre los expertos que advierten que la vacuna de Pfizer a los israel\u00edes est\u00e1 produciendo una <a href=\"https:\/\/www.israelnationalnews.com\/News\/News.aspx\/297051\">mortalidad<\/a> muy superior a la que cabr\u00eda esperar de la propia COVID.<\/p>\n<p>Al igual que el director general de Teva, Andreas Kluth ha sido un entusiasta impulsor de la tecnolog\u00eda de las vacunas de <a href=\"https:\/\/childrenshealthdefense.org\/news\/components-of-mrna-technology-could-lead-to-significant-adverse-events-in-one-or-more-of-our-clinical-trials-says-moderna\/\">ARN mensajero<\/a> (ARNm), contento con las <a href=\"https:\/\/www.fa-mag.com\/news\/mrna-vaccines-could-vanquish-covid-today--cancer-tomorrow-59703.html?section\">infinitas permutaciones<\/a> del ARNm sint\u00e9tico y con la posibilidad de decirle a las c\u00e9lulas &#8220;que produzcan <strong><em>cualquier<\/em><\/strong> prote\u00edna que queramos&#8221;.<\/p>\n<p>Aunque reconoce que las vacunas experimentales de ARNm tuvieron problemas en el pasado (como su tendencia a causar &#8220;<a href=\"https:\/\/www.fa-mag.com\/news\/mrna-vaccines-could-vanquish-covid-today--cancer-tomorrow-59703.html?section\">inflamaci\u00f3n mortal<\/a> &#8221; en <a href=\"https:\/\/www.statnews.com\/2020\/11\/10\/the-story-of-mrna-how-a-once-dismissed-idea-became-a-leading-technology-in-the-covid-vaccine-race\/\">animales<\/a> ), Kluth celebra la pandemia de COVID-19 como el &#8220;gran debut de las vacunas de ARNm y su prueba de concepto definitiva&#8221;, afirmando: &#8220;A partir de ahora, el ARNm no tendr\u00e1 problemas para conseguir dinero, atenci\u00f3n o entusiasmo, por parte de inversores, reguladores y responsables pol\u00edticos&#8221;.<\/p>\n<p>En resumen, las pandemias permanentes prometen ser buenas para la tecnocracia y buenas para las grandes empresas.<\/p>\n<p><a href=\"https:\/\/childrenshealthdefense.org\/defender\/permanent-pandemic-covid-19\/?itm_term=home\">Goodbye War on Terror, Hello Permanent Pandemic \u2022 Children&#8217;s Health Defense<\/a><\/p>\n","protected":false},"excerpt":{"rendered":"<p>\u2022 Children&#8217;s Health Defense Los que est\u00e1n en posiciones de poder han reconocido desde hace tiempo que las condiciones de miedo y p\u00e1nico proporcionan oportunidades [&hellip;]<\/p>\n","protected":false},"author":1,"featured_media":0,"comment_status":"open","ping_status":"open","sticky":false,"template":"","format":"standard","meta":{"_jetpack_memberships_contains_paid_content":false,"footnotes":""},"categories":[11,24,28,13],"tags":[173],"class_list":["post-678","post","type-post","status-publish","format-standard","hentry","category-enganologia","category-fascismo","category-genocido","category-pandemia-falsa","tag-mas-falsas-pandemias"],"jetpack_featured_media_url":"","jetpack_sharing_enabled":true,"jetpack_likes_enabled":true,"_links":{"self":[{"href":"https:\/\/escritoresyperiodistas.online\/index.php\/wp-json\/wp\/v2\/posts\/678","targetHints":{"allow":["GET"]}}],"collection":[{"href":"https:\/\/escritoresyperiodistas.online\/index.php\/wp-json\/wp\/v2\/posts"}],"about":[{"href":"https:\/\/escritoresyperiodistas.online\/index.php\/wp-json\/wp\/v2\/types\/post"}],"author":[{"embeddable":true,"href":"https:\/\/escritoresyperiodistas.online\/index.php\/wp-json\/wp\/v2\/users\/1"}],"replies":[{"embeddable":true,"href":"https:\/\/escritoresyperiodistas.online\/index.php\/wp-json\/wp\/v2\/comments?post=678"}],"version-history":[{"count":0,"href":"https:\/\/escritoresyperiodistas.online\/index.php\/wp-json\/wp\/v2\/posts\/678\/revisions"}],"wp:attachment":[{"href":"https:\/\/escritoresyperiodistas.online\/index.php\/wp-json\/wp\/v2\/media?parent=678"}],"wp:term":[{"taxonomy":"category","embeddable":true,"href":"https:\/\/escritoresyperiodistas.online\/index.php\/wp-json\/wp\/v2\/categories?post=678"},{"taxonomy":"post_tag","embeddable":true,"href":"https:\/\/escritoresyperiodistas.online\/index.php\/wp-json\/wp\/v2\/tags?post=678"}],"curies":[{"name":"wp","href":"https:\/\/api.w.org\/{rel}","templated":true}]}}