{"id":595,"date":"2021-01-13T21:37:22","date_gmt":"2021-01-13T21:37:22","guid":{"rendered":"http:\/\/escritoresyperiodistas.online\/index.php\/2021\/01\/13\/32-medicos-de-11-paises-advierten-contra-la-aplicacion-de-la-vacuna-covid-19\/"},"modified":"2021-01-13T21:42:49","modified_gmt":"2021-01-13T21:42:49","slug":"32-medicos-de-11-paises-advierten-contra-la-aplicacion-de-la-vacuna-covid-19","status":"publish","type":"post","link":"https:\/\/escritoresyperiodistas.online\/index.php\/2021\/01\/13\/32-medicos-de-11-paises-advierten-contra-la-aplicacion-de-la-vacuna-covid-19\/","title":{"rendered":"32 M\u00e9dicos de 11 pa\u00edses advierten contra la aplicaci\u00f3n de la vacuna COVID-19"},"content":{"rendered":"<p><img loading=\"lazy\" decoding=\"async\" src=\"https:\/\/escritoresyperiodistas.online\/wp-content\/uploads\/2021\/01\/image_bddf4b3f-5826-4fb2-a3e6-f54d5a934263.jpg\" alt=\"\" width=\"678\" height=\"381\"><br \/>\n<strong>Hay fuertes razones para creer que la vacuna COVID-19 es peligrosa.<\/strong> S\u00f3lo aquellos que no saben nada sobre los antecedentes penales de los fabricantes de la vacuna o la historia de las lesiones de la vacuna estar\u00edan de acuerdo en aceptarla en sus cuerpos. Sus defensores dicen que es segura y efectiva, pero no pueden producir una confirmaci\u00f3n cient\u00edfica de eso. El desarrollo de las versiones anteriores de este mismo tipo de vacuna tuvo que ser detenido debido a las reacciones adversas, incluyendo la muerte, con los animales de laboratorio. Los gobiernos han dado el estatus de &#8220;v\u00eda r\u00e1pida&#8221; para comercializar la nueva vacuna con solo una fracci\u00f3n de las pruebas que normalmente se requerir\u00edan. Incluso este ensayo limitado ha revelado reacciones adversas, que los fabricantes han descartado por no ser pertinentes. Todo esto es por lo que estos m\u00e9dicos y otros profesionales de la salud de todo el mundo est\u00e1n advirtiendo sobre esta vacuna.<\/p>\n<p>Puedes ver este video en este enlace (ingl\u00e9s)<\/p>\n<p><a href=\"https:\/\/www.brighteon.com\/abf49b23-d428-4228-a6e4-7ef299d8dbfe\">https:\/\/www.brighteon.com\/abf49b23-d428-4228-a6e4-7ef299d8dbfe<\/a><\/p>\n","protected":false},"excerpt":{"rendered":"<p>Hay fuertes razones para creer que la vacuna COVID-19 es peligrosa. S\u00f3lo aquellos que no saben nada sobre los antecedentes penales de los fabricantes de [&hellip;]<\/p>\n","protected":false},"author":1,"featured_media":0,"comment_status":"open","ping_status":"open","sticky":false,"template":"","format":"standard","meta":{"_jetpack_memberships_contains_paid_content":false,"footnotes":""},"categories":[24,25,13,4,19],"tags":[60,144,145],"class_list":["post-595","post","type-post","status-publish","format-standard","hentry","category-fascismo","category-ignorantes","category-pandemia-falsa","category-pandemoniologia","category-panicologia","tag-peligros","tag-pfizer","tag-vacuna"],"jetpack_featured_media_url":"","jetpack_sharing_enabled":true,"jetpack_likes_enabled":true,"_links":{"self":[{"href":"https:\/\/escritoresyperiodistas.online\/index.php\/wp-json\/wp\/v2\/posts\/595","targetHints":{"allow":["GET"]}}],"collection":[{"href":"https:\/\/escritoresyperiodistas.online\/index.php\/wp-json\/wp\/v2\/posts"}],"about":[{"href":"https:\/\/escritoresyperiodistas.online\/index.php\/wp-json\/wp\/v2\/types\/post"}],"author":[{"embeddable":true,"href":"https:\/\/escritoresyperiodistas.online\/index.php\/wp-json\/wp\/v2\/users\/1"}],"replies":[{"embeddable":true,"href":"https:\/\/escritoresyperiodistas.online\/index.php\/wp-json\/wp\/v2\/comments?post=595"}],"version-history":[{"count":1,"href":"https:\/\/escritoresyperiodistas.online\/index.php\/wp-json\/wp\/v2\/posts\/595\/revisions"}],"predecessor-version":[{"id":596,"href":"https:\/\/escritoresyperiodistas.online\/index.php\/wp-json\/wp\/v2\/posts\/595\/revisions\/596"}],"wp:attachment":[{"href":"https:\/\/escritoresyperiodistas.online\/index.php\/wp-json\/wp\/v2\/media?parent=595"}],"wp:term":[{"taxonomy":"category","embeddable":true,"href":"https:\/\/escritoresyperiodistas.online\/index.php\/wp-json\/wp\/v2\/categories?post=595"},{"taxonomy":"post_tag","embeddable":true,"href":"https:\/\/escritoresyperiodistas.online\/index.php\/wp-json\/wp\/v2\/tags?post=595"}],"curies":[{"name":"wp","href":"https:\/\/api.w.org\/{rel}","templated":true}]}}