{"id":531,"date":"2020-11-18T20:41:14","date_gmt":"2020-11-18T20:41:14","guid":{"rendered":"http:\/\/escritoresyperiodistas.online\/index.php\/2020\/11\/18\/las-mascaras-covid-19-son-un-crimen-contra-la-humanidad-y-un-abuso-infantil\/"},"modified":"2022-12-02T17:58:45","modified_gmt":"2022-12-02T17:58:45","slug":"las-mascaras-covid-19-son-un-crimen-contra-la-humanidad-y-un-abuso-infantil","status":"publish","type":"post","link":"https:\/\/escritoresyperiodistas.online\/index.php\/2020\/11\/18\/las-mascaras-covid-19-son-un-crimen-contra-la-humanidad-y-un-abuso-infantil\/","title":{"rendered":"Las mascarillas para Covid-19 son un crimen contra la Humanidad y un abuso infantil"},"content":{"rendered":"<p><img loading=\"lazy\" decoding=\"async\" src=\"https:\/\/escritoresyperiodistas.online\/wp-content\/uploads\/2020\/11\/img_4098.jpg\" class=\"size-full wp-image-532\" width=\"224\" height=\"224\" srcset=\"https:\/\/escritoresyperiodistas.online\/wp-content\/uploads\/2020\/11\/img_4098.jpg 224w, https:\/\/escritoresyperiodistas.online\/wp-content\/uploads\/2020\/11\/img_4098-150x150.jpg 150w\" sizes=\"auto, (max-width: 224px) 100vw, 224px\" \/><\/p>\n<p>La siguiente es una <a href=\"https:\/\/m.facebook.com\/story.php?story_fbid=1448632362193051&#038;id=100011389044151\">transcripci\u00f3n de los hechos m\u00e1s destacados<\/a> (por Henna Maria) del reciente mensaje de video de la Dra. Margarite Griesz-Brisson, extremadamente apremiante, que fue traducido en el aire del alem\u00e1n al ingl\u00e9s por [Claudia Stauber] y al espa\u00f1ol por escritoresyperiodistas.com (https:\/\/www.bitchute.com\/video\/aLjD3hE-on8\/?fbclid=IwAR259qX71YRF_3i1MEPsn50IZ09061J7Agn5UKc7lLyNT6uH0a_gHX64Ido). Video al final de la transcripci\u00f3n.<\/p>\n<p>La Dra. Margarite Griesz-Brisson MD, PhD es una Neur\u00f3loga Consultora y Neurofisi\u00f3loga con un doctorado en Farmacolog\u00eda, con especial inter\u00e9s en neurotoxicolog\u00eda, medicina ambiental, neuroregeneraci\u00f3n y neuroplasticidad. Esto es lo que tiene que decir sobre las m\u00e1scaras y sus efectos en nuestros cerebros:<\/p>\n<p>&#8220;La reinspiraci\u00f3n de nuestro aire exhalado crear\u00e1 sin duda alguna una deficiencia de ox\u00edgeno y una inundaci\u00f3n de di\u00f3xido de carbono. Sabemos que el cerebro humano es muy sensible a la depravaci\u00f3n de ox\u00edgeno. Hay c\u00e9lulas nerviosas, por ejemplo en el hipocampo, que no pueden estar m\u00e1s de 3 minutos sin ox\u00edgeno &#8211; no pueden sobrevivir. Los s\u00edntomas de alerta agudos son dolores de cabeza, somnolencia, mareos, problemas de concentraci\u00f3n, disminuci\u00f3n del tiempo de reacci\u00f3n &#8211; reacciones del sistema cognitivo.<\/p>\n<p>Sin embargo, cuando tienes una depravaci\u00f3n cr\u00f3nica de ox\u00edgeno, todos esos s\u00edntomas desaparecen, porque te acostumbras a ello. Pero tu rendimiento seguir\u00e1 disminuyendo y el suministro insuficiente de ox\u00edgeno en tu cerebro contin\u00faa progresando.<\/p>\n<p>Sabemos que las enfermedades neurodegenerativas tardan a\u00f1os o d\u00e9cadas en desarrollarse. Si hoy en d\u00eda olvidas tu n\u00famero de tel\u00e9fono, el colapso en tu cerebro ya habr\u00eda comenzado hace 20 o 30 a\u00f1os.<\/p>\n<p>Mientras piensas que te has acostumbrado a usar tu mascarilla y a respirar tu propio aire exhalado, los procesos degenerativos en tu cerebro se amplifican a medida que contin\u00faa la falta de ox\u00edgeno.<\/p>\n<p>El segundo problema es que las c\u00e9lulas nerviosas de tu cerebro son incapaces de dividirse normalmente. Por lo tanto, en caso de que nuestros gobiernos permitan generosamente deshacerse de las m\u00e1scaras y volver a respirar ox\u00edgeno libremente de nuevo en unos pocos meses, las c\u00e9lulas nerviosas perdidas ya no se regenerar\u00e1n. Lo que se ha ido, se ha ido.<\/p>\n<p>No uso una mascarilla, necesito que mi cerebro piense. Quiero tener la cabeza despejada cuando trato con mis pacientes, y no estar en una anestesia inducida por el di\u00f3xido de carbono.<\/p>\n<p>[&#8230;] No hay ninguna exenci\u00f3n m\u00e9dica sin fundamento para las mascarillas porque la falta de ox\u00edgeno es peligrosa para todos los cerebros. Debe ser la libre decisi\u00f3n de cada ser humano si quiere usar una mascarilla que es absolutamente ineficaz para protegerse de un virus.<\/p>\n<p>Para los ni\u00f1os y adolescentes, las mascarillas son un absoluto no-no. Los ni\u00f1os y adolescentes tienen un sistema inmunol\u00f3gico extremadamente activo y adaptable y necesitan una interacci\u00f3n constante con el microbioma de la Tierra. Su cerebro tambi\u00e9n es incre\u00edblemente activo, ya que tiene mucho que aprender. El cerebro del ni\u00f1o, o el cerebro del joven est\u00e1 sediento de ox\u00edgeno. Cuanto m\u00e1s activo metab\u00f3licamente es el \u00f3rgano, m\u00e1s ox\u00edgeno requiere. En los ni\u00f1os y adolescentes todos los \u00f3rganos son metab\u00f3licamente activos.<\/p>\n<p>Privar de ox\u00edgeno al cerebro de un ni\u00f1o o adolescente, o restringirlo de alguna manera, no solo es peligroso para su salud, sino que es absolutamente criminal. La falta de ox\u00edgeno inhibe el desarrollo del cerebro, y el da\u00f1o que se ha producido como resultado NO PUEDE ser revertido.<\/p>\n<p>El ni\u00f1o necesita el cerebro para aprender, y el cerebro necesita ox\u00edgeno para funcionar. No necesitamos un estudio cl\u00ednico para eso. Esta es una fisiolog\u00eda simple e indiscutible. La deficiencia de ox\u00edgeno consciente e inducida a prop\u00f3sito es un peligro para la salud absolutamente deliberado, y una contraindicaci\u00f3n m\u00e9dica absoluta.<\/p>\n<p>Una contraindicaci\u00f3n m\u00e9dica absoluta en la medicina significa que esta droga, esta terapia, este m\u00e9todo o medida no debe ser utilizada &#8211; no se permite su uso. Para obligar a toda una poblaci\u00f3n a utilizar una contraindicaci\u00f3n m\u00e9dica absoluta por la fuerza, deben existir razones definidas y serias para ello, y las razones deben presentarse a los organismos interdisciplinarios e independientes competentes para ser verificadas y autorizadas.<\/p>\n<p>Cuando en diez a\u00f1os la demencia vaya a aumentar exponencialmente, y las generaciones m\u00e1s j\u00f3venes no puedan alcanzar el potencial que Dios les dio, no ayudar\u00e1 decir &#8220;no necesit\u00e1bamos las mascarillas&#8221;.<\/p>\n<p>[&#8230;] \u00bfC\u00f3mo pueden un veterinario, un distribuidor de software, un hombre de negocios, un fabricante de autom\u00f3viles el\u00e9ctricos y un f\u00edsico decidir sobre cuestiones relativas a la salud de toda la poblaci\u00f3n? Por favor, queridos colegas, todos tenemos que despertar.<\/p>\n<p>I know how damaging oxygen depravation is for the brain, cardiologist knows it for the heart, the pulmonologist knows it for the lungs. Oxygen deprivation damages every single organ.<\/p>\n<p>\u00bfD\u00f3nde est\u00e1n nuestros departamentos de salud, nuestro seguro m\u00e9dico, nuestras asociaciones m\u00e9dicas? Habr\u00eda sido su deber oponerse con vehemencia al encierro y detenerlo y detenerlo desde el principio.<\/p>\n<p>\u00bfPor qu\u00e9 las juntas m\u00e9dicas castigan a los m\u00e9dicos que dan exenciones a la gente? \u00bfTiene la persona o el m\u00e9dico que probar seriamente que la depravaci\u00f3n de ox\u00edgeno perjudica a la gente? \u00bfQu\u00e9 tipo de medicina representan nuestros m\u00e9dicos y asociaciones m\u00e9dicas?<\/p>\n<p>\u00bfQui\u00e9n es responsable de este crimen? \u00bfLos que quieren hacerlo cumplir? \u00bfLos que dejan que ocurra y siguen el juego, o los que no lo evitan? [&#8230;] No se trata de mascarillas, no se trata de virus, ciertamente no se trata de tu salud. Se trata de mucho m\u00e1s. No estoy participando. No tengo miedo.<br \/>\n[&#8230;] Puedes notar que ya nos est\u00e1n quitando el aire para respirar.<\/p>\n<p>El imperativo de la hora es la responsabilidad personal.<\/p>\n<p>Somos responsables de lo que pensamos, no los medios de comunicaci\u00f3n. Somos responsables de lo que hacemos, no nuestros superiores. Somos responsables de nuestra salud, no la Organizaci\u00f3n Mundial de la Salud. Y somos responsables de lo que pasa en nuestro pa\u00eds, no el gobierno.&#8221;<\/p>\n<p><a href=\"http:\/\/willemfelderhof.com\/covid-19-masks-are-a-crime-against-humanity-and-child-abuse\/\">Covid-19 masks are a crime against Humanity and child abuse<\/a><\/p>\n","protected":false},"excerpt":{"rendered":"<p>La siguiente es una transcripci\u00f3n de los hechos m\u00e1s destacados (por Henna Maria) del reciente mensaje de video de la Dra. Margarite Griesz-Brisson, extremadamente apremiante, [&hellip;]<\/p>\n","protected":false},"author":1,"featured_media":0,"comment_status":"open","ping_status":"open","sticky":false,"template":"","format":"standard","meta":{"_jetpack_memberships_contains_paid_content":false,"footnotes":""},"categories":[29,3,22,13],"tags":[127,41,50],"class_list":["post-531","post","type-post","status-publish","format-standard","hentry","category-asesinato-lento","category-coaccion-colectiva","category-envenenamiento","category-pandemia-falsa","tag-fascismo","tag-genocidio","tag-mascarillas"],"jetpack_featured_media_url":"","jetpack_sharing_enabled":true,"jetpack_likes_enabled":true,"_links":{"self":[{"href":"https:\/\/escritoresyperiodistas.online\/index.php\/wp-json\/wp\/v2\/posts\/531","targetHints":{"allow":["GET"]}}],"collection":[{"href":"https:\/\/escritoresyperiodistas.online\/index.php\/wp-json\/wp\/v2\/posts"}],"about":[{"href":"https:\/\/escritoresyperiodistas.online\/index.php\/wp-json\/wp\/v2\/types\/post"}],"author":[{"embeddable":true,"href":"https:\/\/escritoresyperiodistas.online\/index.php\/wp-json\/wp\/v2\/users\/1"}],"replies":[{"embeddable":true,"href":"https:\/\/escritoresyperiodistas.online\/index.php\/wp-json\/wp\/v2\/comments?post=531"}],"version-history":[{"count":2,"href":"https:\/\/escritoresyperiodistas.online\/index.php\/wp-json\/wp\/v2\/posts\/531\/revisions"}],"predecessor-version":[{"id":1012,"href":"https:\/\/escritoresyperiodistas.online\/index.php\/wp-json\/wp\/v2\/posts\/531\/revisions\/1012"}],"wp:attachment":[{"href":"https:\/\/escritoresyperiodistas.online\/index.php\/wp-json\/wp\/v2\/media?parent=531"}],"wp:term":[{"taxonomy":"category","embeddable":true,"href":"https:\/\/escritoresyperiodistas.online\/index.php\/wp-json\/wp\/v2\/categories?post=531"},{"taxonomy":"post_tag","embeddable":true,"href":"https:\/\/escritoresyperiodistas.online\/index.php\/wp-json\/wp\/v2\/tags?post=531"}],"curies":[{"name":"wp","href":"https:\/\/api.w.org\/{rel}","templated":true}]}}