{"id":509,"date":"2020-10-29T00:30:15","date_gmt":"2020-10-29T00:30:15","guid":{"rendered":"http:\/\/escritoresyperiodistas.online\/index.php\/2020\/10\/29\/un-virus-inexistente-para-controlar-a-la-humanidad\/"},"modified":"2020-10-29T00:30:15","modified_gmt":"2020-10-29T00:30:15","slug":"un-virus-inexistente-para-controlar-a-la-humanidad","status":"publish","type":"post","link":"https:\/\/escritoresyperiodistas.online\/index.php\/2020\/10\/29\/un-virus-inexistente-para-controlar-a-la-humanidad\/","title":{"rendered":"Un virus inexistente para controlar a la humanidad"},"content":{"rendered":"<p><img loading=\"lazy\" decoding=\"async\" src=\"https:\/\/escritoresyperiodistas.online\/wp-content\/uploads\/2020\/10\/image_a7b66aef-3c77-4543-bfe8-eac2be07c94d.jpg\" alt=\"\" width=\"720\" height=\"480\"><\/p>\n<p>&#8220;Cada parte de nuestras vidas estar\u00e1 sujeta a control. Este virus es para entrenarnos para la sumisi\u00f3n, entrenarnos para hacer lo que se nos dice. No ir a la playa a menos que nos digan, no besar a nuestra novia sin su permiso. Nos est\u00e1n convirtiendo en unidades de producci\u00f3n y entidades consumidoras. Nos van a robar no solo nuestra democracia y nuestras libertades, sino tambi\u00e9n nuestras almas. Nos van a inyectar las medicinas que quieran y nos van a cobrar por las enfermedades que nos den. Van a controlar cada parte de nuestras vidas. Lo que estamos haciendo en la Defensa de la Salud Infantil es usar los \u00faltimos instrumentos de la democracia que nos quedan &#8211; las Cortes &#8211; para combatirlos. &#8220;Estamos en la \u00faltima batalla. Estamos en el apocalipsis. Estamos luchando por la salvaci\u00f3n de la humanidad. Todos sab\u00edamos que esto iba a pasar, aunque nunca cre\u00ed que pasar\u00eda en mi vida. Pero aqu\u00ed est\u00e1&#8221;.<\/p>\n<p>&#8212; Robert F. Kennedy, Jr.<\/p>\n","protected":false},"excerpt":{"rendered":"<p>&#8220;Cada parte de nuestras vidas estar\u00e1 sujeta a control. Este virus es para entrenarnos para la sumisi\u00f3n, entrenarnos para hacer lo que se nos dice. [&hellip;]<\/p>\n","protected":false},"author":1,"featured_media":0,"comment_status":"open","ping_status":"open","sticky":false,"template":"","format":"standard","meta":{"_jetpack_memberships_contains_paid_content":false,"footnotes":""},"categories":[13,20],"tags":[126,72,127],"class_list":["post-509","post","type-post","status-publish","format-standard","hentry","category-pandemia-falsa","category-perdida-de-libertades","tag-control","tag-falsa-pandemia","tag-fascismo"],"jetpack_featured_media_url":"","jetpack_sharing_enabled":true,"jetpack_likes_enabled":true,"_links":{"self":[{"href":"https:\/\/escritoresyperiodistas.online\/index.php\/wp-json\/wp\/v2\/posts\/509","targetHints":{"allow":["GET"]}}],"collection":[{"href":"https:\/\/escritoresyperiodistas.online\/index.php\/wp-json\/wp\/v2\/posts"}],"about":[{"href":"https:\/\/escritoresyperiodistas.online\/index.php\/wp-json\/wp\/v2\/types\/post"}],"author":[{"embeddable":true,"href":"https:\/\/escritoresyperiodistas.online\/index.php\/wp-json\/wp\/v2\/users\/1"}],"replies":[{"embeddable":true,"href":"https:\/\/escritoresyperiodistas.online\/index.php\/wp-json\/wp\/v2\/comments?post=509"}],"version-history":[{"count":0,"href":"https:\/\/escritoresyperiodistas.online\/index.php\/wp-json\/wp\/v2\/posts\/509\/revisions"}],"wp:attachment":[{"href":"https:\/\/escritoresyperiodistas.online\/index.php\/wp-json\/wp\/v2\/media?parent=509"}],"wp:term":[{"taxonomy":"category","embeddable":true,"href":"https:\/\/escritoresyperiodistas.online\/index.php\/wp-json\/wp\/v2\/categories?post=509"},{"taxonomy":"post_tag","embeddable":true,"href":"https:\/\/escritoresyperiodistas.online\/index.php\/wp-json\/wp\/v2\/tags?post=509"}],"curies":[{"name":"wp","href":"https:\/\/api.w.org\/{rel}","templated":true}]}}