{"id":496,"date":"2020-10-16T17:30:43","date_gmt":"2020-10-16T17:30:43","guid":{"rendered":"http:\/\/escritoresyperiodistas.online\/index.php\/2020\/10\/16\/abogados-demandan-a-la-oms-por-crimenes-contra-la-humanidad-por-los-encierros-del-covid\/"},"modified":"2021-11-24T04:14:02","modified_gmt":"2021-11-24T04:14:02","slug":"abogados-demandan-a-la-oms-por-crimenes-contra-la-humanidad-por-los-encierros-del-covid","status":"publish","type":"post","link":"https:\/\/escritoresyperiodistas.online\/index.php\/2020\/10\/16\/abogados-demandan-a-la-oms-por-crimenes-contra-la-humanidad-por-los-encierros-del-covid\/","title":{"rendered":"Abogados demandan a la OMS por \u2018cr\u00edmenes contra la humanidad\u2019 por los encierros del COVID"},"content":{"rendered":"<p><img loading=\"lazy\" decoding=\"async\" src=\"https:\/\/escritoresyperiodistas.online\/wp-content\/uploads\/2020\/10\/image_b89d0f1c-9fb8-4767-a26e-a2e48cf6eb04.jpg\" alt=\"\" width=\"620\" height=\"340\"><\/p>\n<h2>Una demanda internacional pide a la Organizaci\u00f3n Mundial de la Salud una indemnizaci\u00f3n por da\u00f1os y perjuicios por las medidas de encierros<\/h2>\n<p>\u00a9 press<br \/>\nEl Director General de la Organizaci\u00f3n Mundial de la Salud, Dr. Tedros Adhanom, ha sido criticado por su manejo de la pandemia<\/p>\n<p>*Un grupo internacional de abogados est\u00e1 preparando una demanda masiva contra la Organizaci\u00f3n Mundial de la Salud en busca de compensaci\u00f3n por los da\u00f1os causados a las poblaciones afectadas negativamente por los encierros del COVID-19, citando \/&#8221;cr\u00edmenes contra la humanidad&#8221;.<\/p>\n<p>Los abogados, dirigidos por el abogado alem\u00e1n con sede en California, el Dr. Reiner Fuellmich, exigen que el p\u00fablico reciba <em>&#8220;compensaci\u00f3n total por sus p\u00e9rdidas&#8221;<\/em> si han sido <em>&#8220;perjudicados&#8221;<\/em> por las medidas de encierro del coronavirus.<\/p>\n<p>El Dr. Fuellmich explica el caso en un extenso <a href=\"https:\/\/www.youtube.com\/watch?v=kr04gHbP5MQ\">video<\/a> publicado el 3 de octubre:<\/p>\n<p><em>&#8220;Bajo las reglas de la ley de responsabilidad civil, todos aquellos que han sido perjudicados por estas medidas de encierro inducidas por la PCR tienen derecho a recibir una compensaci\u00f3n completa por sus p\u00e9rdidas&#8221;<\/em> dice Fuellmich.<\/p>\n<p><em>&#8220;En particular, hay un deber de compensaci\u00f3n, es decir, un deber de pagar da\u00f1os por la p\u00e9rdida de beneficios sufrida por las empresas y los trabajadores aut\u00f3nomos como resultado del encierro y otras medidas.&#8221;<\/em><\/p>\n<p>El equipo de Fuellmich sostiene que las pruebas de PCR, promovidas por la OMS y numerosos funcionarios de salud p\u00fablica, son las culpables de los encierros.<\/p>\n<p><img loading=\"lazy\" decoding=\"async\" src=\"https:\/\/escritoresyperiodistas.online\/wp-content\/uploads\/2020\/10\/image_7416b47d-e279-4f88-842e-4263f426d2f3.jpg\" alt=\"\" width=\"590\" height=\"370\"><br \/>\n\u00a9 press<br \/>\nEl equipo internacional de abogados est\u00e1 dirigido por el abogado alem\u00e1n Dr. Reiner Fuellmich<\/p>\n<p>Contrariamente a lo que afirman la OMS, el vir\u00f3logo alem\u00e1n Christian Drosten y Lothar Wieler del Instituto alem\u00e1n Robert Koch- (aproximadamente equivalente a los Centros de Control y Prevenci\u00f3n de Enfermedades de los Estados Unidos), las pruebas de PCR \/ &#8220;no dan ninguna indicaci\u00f3n de una infecci\u00f3n por ning\u00fan virus, y mucho menos de una infecci\u00f3n por el SARS-CoV-2&#8243;, dijo Fuellmich.<\/p>\n<p>\/No s\u00f3lo las pruebas PCR no est\u00e1n expresamente aprobadas para fines de diagn\u00f3stico, como se indica correctamente en los folletos que acompa\u00f1an a estas pruebas, y como el inventor de la prueba PCR, Kary Mullis, ha subrayado repetidamente&#8221;, continu\u00f3.<\/p>\n<p>\/&#8221;En cambio, son simplemente incapaces de diagnosticar cualquier enfermedad.&#8221;<\/p>\n<p>\/&#8221;Al contrario de lo que afirman Drosten, Wieler y la OMS, que han estado haciendo desde la proclamaci\u00f3n de la pandemia, un resultado positivo en la prueba de PCR no significa que haya una infecci\u00f3n&#8221;, enfatiz\u00f3 Fuellmich.<\/p>\n<h5>&#8220;Si alguien da positivo, no significa que est\u00e9 infectado con algo, y mucho menos con un virus contagioso de SARS-CoV-2.&#8221;<\/h5>\n<p><strong>Video:<\/strong><\/p>\n<p><strong>https:\/\/youtu.be\/kr04gHbP5MQ<\/strong><\/p>\n<p>En este contexto, Fuellmich se refiri\u00f3 a una <a href=\"https:\/\/www.fda.gov\/media\/134922\/download\">publicaci\u00f3n<\/a> de los Centros para el Control y la Prevenci\u00f3n de Enfermedades (CDC) de los Estados Unidos que dec\u00eda, <em>&#8220;La detecci\u00f3n de ARN viral puede no indicar la presencia de un virus infeccioso o que 2019-nCoV sea el agente causante de los s\u00edntomas cl\u00ednicos&#8221;<\/em>.<\/p>\n<p><em>&#8220;Los hisopos de PCR toman una o dos secuencias de una mol\u00e9cula que es invisible al ojo humano y por lo tanto necesita ser amplificada en muchos ciclos para hacerla visible,&#8221;<\/em> explic\u00f3 el abogado.<\/p>\n<p><em>&#8220;Todo lo que supera los 35 ciclos es &#8211; como inform\u00f3 [The New York Times] (https:\/\/www.lifesitenews.com\/news\/new-york-times-up-to-90-percent-of-positive-covid-cases-dont-need-to-isolate) y otros &#8211; considerado completamente poco fiable y cient\u00edficamente injustificable.&#8221;<\/em><\/p>\n<p>De hecho](https:\/\/www.dzif.de\/en\/researchers-develop-first-diagnostic-test-novel-coronavirus-china), la prueba de PCR utilizada para comprobar la presencia de COVID-19 fue desarrollada por primera vez por Drosten, seg\u00fan <a href=\"https:\/\/www.lifesitenews.com\/news\/lawyers-prepare-to-sue-over-damages-inflicted-by-covid-19-lockdowns\">LifeSite News<\/a>.<\/p>\n<p>Estas pruebas, como dijo Fuellmich, <em>&#8220;est\u00e1n programadas para 45 ciclos. \u00bfPuede deberse al deseo de producir tantos resultados positivos como sea posible y as\u00ed proporcionar la base para la falsa suposici\u00f3n de que se ha detectado un gran n\u00famero de infecciones?&#8221;<\/em><\/p>\n<p>\/&#8221;La prueba no puede distinguir entre la materia inactiva y la reproductiva&#8221;, continu\u00f3.<\/p>\n<p><em>&#8220;Eso significa que un resultado positivo puede ocurrir porque la prueba detecta, por ejemplo, un trozo de desechos, un fragmento de una mol\u00e9cula, lo que puede indicar nada m\u00e1s que que el sistema inmunol\u00f3gico de la persona analizada gan\u00f3 una batalla con el resfriado com\u00fan en el pasado.&#8221;<\/em><\/p>\n<p>Incluso Drosten hab\u00eda reconocido este problema <a href=\"https:\/\/www.wiwo.de\/technologie\/forschung\/virologe-drosten-im-gespraech-2014-die-who-kann-nur-empfehlungen-aussprechen\/9903228-2.html\">en 2014<\/a>, Fuellmich argument\u00f3, cuando el vir\u00f3logo dijo en el contexto del MERS, otra enfermedad respiratoria viral, \/ &#8220;Si, por ejemplo, tal pat\u00f3geno se escurre sobre la mucosa nasal de una enfermera por un d\u00eda o m\u00e1s sin que se enferme o note nada m\u00e1s, entonces es de repente un caso de MERS.&#8221;\/<\/p>\n<p>Fuellmich resumi\u00f3, <em>&#8220;En breve: Esta prueba no puede detectar ninguna infecci\u00f3n, al contrario de todas las falsas afirmaciones que afirman que s\u00ed puede.<\/em><\/p>\n<p><em>&#8220;Una infecci\u00f3n, la llamada infecci\u00f3n caliente, requiere que el virus, o mejor dicho: un fragmento de una mol\u00e9cula que puede ser un virus no se encuentre en alg\u00fan lugar, por ejemplo, en la garganta de una persona sin causar ning\u00fan da\u00f1o (eso ser\u00eda una infecci\u00f3n por fr\u00edo)&#8221;.<\/em><\/p>\n<p><em>&#8220;M\u00e1s bien, una infecci\u00f3n caliente requiere que el virus penetre en las c\u00e9lulas, se replique all\u00ed y cause s\u00edntomas como dolores de cabeza, o dolor de garganta.<\/em><\/p>\n<p>\/&#8221;S\u00f3lo entonces una persona est\u00e1 realmente infectada en el sentido de una infecci\u00f3n caliente, porque s\u00f3lo entonces una persona es contagiosa, es decir, capaz de infectar a otros.<\/p>\n<p><em>&#8220;Hasta entonces, es completamente inofensivo tanto para el portador como para todas las dem\u00e1s personas con las que el portador entre en contacto.&#8221;<\/em><\/p>\n<p><img loading=\"lazy\" decoding=\"async\" src=\"https:\/\/escritoresyperiodistas.online\/wp-content\/uploads\/2020\/10\/image_0bd22b8e-6a5e-4154-9f1b-59ef6d7069d8.jpg\" alt=\"\" width=\"590\" height=\"344\"><br \/>\n\u00a9 press<br \/>\nLos controvertidos lazos de la OMS con China hicieron que el Presidente Trump retirara la financiaci\u00f3n de EE.UU. del organismo de salud de la ONU<\/p>\n<p>Si bien las demandas colectivas no son una opci\u00f3n en la mayor parte del mundo, Fuellmich y sus colegas quieren acudir a los tribunales de los Estados Unidos o el Canad\u00e1, donde este tipo especial de demanda es una parte habitual de la pr\u00e1ctica jur\u00eddica.<\/p>\n<p>A esta demanda colectiva pueden unirse <em>&#8220;todas las partes afectadas en todo el mundo&#8221;<\/em>.<\/p>\n<p><em>&#8220;A trav\u00e9s de una red internacional de abogados que crece d\u00eda a d\u00eda, el grupo de abogados alemanes proporciona a todos sus colegas de todos los dem\u00e1s pa\u00edses, de forma gratuita, toda la informaci\u00f3n pertinente, incluidos los dict\u00e1menes y testimonios de expertos que demuestran que las pruebas de PCR no pueden detectar infecciones&#8221;<\/em>, anunci\u00f3.<\/p>\n<p>Fuellmich dijo que ha sido admitido en el Colegio de Abogados de Alemania y California durante 26 a\u00f1os, en su mayor parte litigando \/ &#8220;contra corporaciones fraudulentas como el Deutsche Bank, anteriormente uno de los bancos m\u00e1s grandes y respetados del mundo, hoy en d\u00eda una de las organizaciones criminales m\u00e1s t\u00f3xicas del mundo&#8221;\/.<\/p>\n<p>Tambi\u00e9n demand\u00f3 a Volkswagen; \/&#8221;uno de los m\u00e1s grandes y respetados fabricantes de autos del mundo, hoy notorio por su gigantesco fraude de diesel&#8221;.<\/p>\n<h4><a href=\"https:\/\/neonnettle.com\/..\/news\/12023-petition-to-investigate-bill-gates-for-crimes-against-humanity-goes-viral\">\u2772RELACIONADO\u2773 Petici\u00f3n para investigar a Bill Gates por &#8220;Cr\u00edmenes contra la Humanidad&#8221; se vuelve viral<\/a><\/h4>\n<p><a href=\"https:\/\/neonnettle.com\/news\/12868-lawyers-suing-who-for-crimes-against-humanity-over-covid-lockdowns\">Lawyers Suing WHO for &#8216;Crimes Against Humanity&#8217; Over COVID Lockdowns<\/a><\/p>\n","protected":false},"excerpt":{"rendered":"<p>Una demanda internacional pide a la Organizaci\u00f3n Mundial de la Salud una indemnizaci\u00f3n por da\u00f1os y perjuicios por las medidas de encierros \u00a9 press El [&hellip;]<\/p>\n","protected":false},"author":1,"featured_media":0,"comment_status":"open","ping_status":"open","sticky":false,"template":"","format":"standard","meta":{"_jetpack_memberships_contains_paid_content":false,"footnotes":""},"categories":[38,28,13],"tags":[110,30,123,111],"class_list":["post-496","post","type-post","status-publish","format-standard","hentry","category-fake-news","category-genocido","category-pandemia-falsa","tag-demanda","tag-fraude","tag-oms","tag-pandemia"],"jetpack_featured_media_url":"","jetpack_sharing_enabled":true,"jetpack_likes_enabled":true,"_links":{"self":[{"href":"https:\/\/escritoresyperiodistas.online\/index.php\/wp-json\/wp\/v2\/posts\/496","targetHints":{"allow":["GET"]}}],"collection":[{"href":"https:\/\/escritoresyperiodistas.online\/index.php\/wp-json\/wp\/v2\/posts"}],"about":[{"href":"https:\/\/escritoresyperiodistas.online\/index.php\/wp-json\/wp\/v2\/types\/post"}],"author":[{"embeddable":true,"href":"https:\/\/escritoresyperiodistas.online\/index.php\/wp-json\/wp\/v2\/users\/1"}],"replies":[{"embeddable":true,"href":"https:\/\/escritoresyperiodistas.online\/index.php\/wp-json\/wp\/v2\/comments?post=496"}],"version-history":[{"count":5,"href":"https:\/\/escritoresyperiodistas.online\/index.php\/wp-json\/wp\/v2\/posts\/496\/revisions"}],"predecessor-version":[{"id":776,"href":"https:\/\/escritoresyperiodistas.online\/index.php\/wp-json\/wp\/v2\/posts\/496\/revisions\/776"}],"wp:attachment":[{"href":"https:\/\/escritoresyperiodistas.online\/index.php\/wp-json\/wp\/v2\/media?parent=496"}],"wp:term":[{"taxonomy":"category","embeddable":true,"href":"https:\/\/escritoresyperiodistas.online\/index.php\/wp-json\/wp\/v2\/categories?post=496"},{"taxonomy":"post_tag","embeddable":true,"href":"https:\/\/escritoresyperiodistas.online\/index.php\/wp-json\/wp\/v2\/tags?post=496"}],"curies":[{"name":"wp","href":"https:\/\/api.w.org\/{rel}","templated":true}]}}