{"id":479,"date":"2020-10-12T04:15:42","date_gmt":"2020-10-12T04:15:42","guid":{"rendered":"http:\/\/escritoresyperiodistas.online\/index.php\/2020\/10\/12\/hay-que-refundar-a-colombia\/"},"modified":"2020-10-12T04:15:42","modified_gmt":"2020-10-12T04:15:42","slug":"hay-que-refundar-a-colombia","status":"publish","type":"post","link":"https:\/\/escritoresyperiodistas.online\/index.php\/2020\/10\/12\/hay-que-refundar-a-colombia\/","title":{"rendered":"Hay que refundar a \u201cColombia\u201d"},"content":{"rendered":"<p><img loading=\"lazy\" decoding=\"async\" src=\"https:\/\/escritoresyperiodistas.online\/wp-content\/uploads\/2020\/10\/image_6b2d4e35-7865-4ca4-8645-d56f4cfed585.jpg\" alt=\"\" width=\"1024\" height=\"669\"><\/p>\n<p>Colombia es un pa\u00eds incompleto, naci\u00f3 de un parto forzado, producto de la violaci\u00f3n del invasor extranjero y de la sumisi\u00f3n forzada de sus habitantes nativos a dioses, creencias, rituales y formas de vida que les eran extra\u00f1as. El mismo nombre del pa\u00eds, \u201cColombia\u201d, es una ofensa para todos y cada uno de sus habitantes. Tal vez en la historia haya habido otros pa\u00edses nombrados tras un genocida, como lo fuera Crist\u00f3bal Col\u00f3n, pero supieron rectificar ese bautizo que honraba a su verdugo. \u201cEl que nombra el mundo lo define\u201d, sol\u00eda decir Paulo Freire, y en nuestro caso nos definieron un mundo que empezando por el nombre mismo del pa\u00eds, est\u00e1 equivocado. Hay que refundar el pa\u00eds. Toca empezar del nombre para abajo. Hasta el momento no me he enterado de que los jud\u00edos hayan nombrado a ning\u00fan pueblo, a ninguna comarca, ni siquiera un grano de arena de su territorio en honor a su exterminador, Adolfo Hitler. No s\u00e9 por qu\u00e9, nosotros los mal llamados \u201ccolombianos\u201d tengamos que aceptar un nombre que no nos significa nada\u2026 nada m\u00e1s que humillaci\u00f3n y miseria.<br \/>\nLos espa\u00f1oles hicieron un gran trabajo en estas tierras, nos ense\u00f1aron a odiarnos a nosotros mismos, es parte de todo proceso de colonizaci\u00f3n, ense\u00f1ar al esclavo a someterse, haci\u00e9ndole creer que es inferior al amo. Cada vez que un \u201ccolombiano\u201d llama a otro \u201cindio\u201d de una manera despectiva, se est\u00e1 insultando a s\u00ed mismo. Todos los \u201ccolombianos\u201d, sin excepci\u00f3n (bueno, tal vez menos los venidos de, \u00bfLituania?) somos descendientes de los tambi\u00e9n mal llamados \u201cindios\u201d. \u00bfNo me creen? H\u00e1ganse una prueba de ADN y encontrar\u00e1n que somos un pueblo absolutamente mestizo, mezcla de ind\u00edgenas, africanos, asi\u00e1ticos y europeos. Ah, y claro est\u00e1, los espa\u00f1oles tambi\u00e9n nos ense\u00f1aron a odiar a los negros, los necesitaban como esclavos, los humillaron los exterminaron y los explotaron, como a los ind\u00edgenas, a m\u00e1s no poder. Lo que hoy se llama \u201cColombia\u201d fue un territorio colonizado por un pueblo que tra\u00eda todos los prejuicios del mundo y era experto en odiar a la mayor\u00eda de los habitantes de la tierra. Odiaban a los \u00e1rabes, a los jud\u00edos, a los negros y cuando llegaron a este continente, al cual tambi\u00e9n le dar\u00edan el nombre que quisieron, trajeron sus odios antiguos y desarrollaron nuevos odios contra sus habitantes originales. Los primeros genocidas y secuestradores a gran escala de este continente fueron los espa\u00f1oles, y detr\u00e1s de ellos llegaron todos los dem\u00e1s colonizadores que se especializaron en explotar las riquezas del continente para subvencionar sus imperios decadentes y medievales. Parte de su misi\u00f3n colonialista fue arrasar con las culturas nativas que pudieron, e imponer la de ellos, as\u00ed no correspondiera ni con nuestro ambiente tropical, ni con nuestra filosof\u00eda de la vida. Los espa\u00f1oles arrasaron bosques, plantas nativas y seres humanos, y trajeron sus propios cultivos y enfermedades, matando no solamente el medio ambiente sino a los leg\u00edtimos habitantes de estas tierras.<br \/>\nEl resultado del colonialismo todav\u00eda lo estamos viviendo m\u00e1s de 500 a\u00f1os despu\u00e9s de que el primer europeo pisara este continente. Las mismas torturas que practicaban los espa\u00f1oles hace 500 a\u00f1os se practican hoy en d\u00eda en el llamado continente americano. La misma mentalidad autocr\u00e1tica de los reyezuelos que gobernaban a nombre de la corona espa\u00f1ola la tienen nuestros gobernantes de hoy en d\u00eda, usando los mismos vicios, el mismo autoritarismo y la misma falta de democracia del pasado. El mal llamado pueblo \u201ccolombiano\u201d ha sufrido un trascendental lavado de cerebro, a punto tal que no sabe reconocerse a s\u00ed mismo, carece de identidad porque le fue robada y usa una identidad prestada. \u00bfCu\u00e1ntos de ustedes me pueden nombrar 10 especies de plantas nativas de este territorio o 10 especies de animales que sean nativas de la zona donde viven? Si le hago la misma pregunta a un ind\u00edgena actual, creo que no tendr\u00eda ning\u00fan problema en responder la pregunta. Los habitantes de la ciudad no conocen su entorno, si ven un \u00e1rbol tal vez ni sepan su nombre ni de d\u00f3nde es originario. La sabidur\u00eda ancestral fue reemplazada por creencias impuestas que no correspond\u00edan a la cultura milenaria de los habitantes nativos de este territorio. No es de extra\u00f1ar que la mal llamada Colombia siga en el subdesarrollo, porque el subdesarrollo comienza por la cabeza. Mientras el llamado colombiano no se desprenda de su mentalidad subdesarrollada (es decir, servil, arribista, de \u201cvivo\u201d y facilista), este pa\u00eds seguir\u00e1 siendo un mendigo internacional. Un pa\u00eds rico que sigue exportando sus riquezas como en tiempos de la colonia para que unos cuantos se hagan millonarios y la inmensa mayor\u00eda tenga que vivir en condiciones infrahumanas. Somos un caldo de cultivo para todos los males sociales que estamos viviendo, la desigualdad genera injusticia, la injusticia genera resentimiento, el resentimiento genera ignorancia, la ignorancia genera violencia, alteren el orden de los factores, multipl\u00edquenlo por 500 a\u00f1os de sucesivas \u201cpatrias bobas\u201d y encontrar\u00e1n la f\u00f3rmula del subdesarrollo.<br \/>\nLa idea es muy simple. Refundemos este pa\u00eds. Eduquemos a la gente. Hagamos que sienta orgullo de ser lo que es y que descubra su propia riqueza interna y la riqueza que los rodea. Que la gente aprenda a respetar, a honrar a la madre naturaleza, a ayudar y no a robar a su semejante. No es una casualidad que esto que llamamos Colombia sea un antro de corrupci\u00f3n pol\u00edtica, narcotraficantes, paramilitares y guerrilleros. Cada uno de ellos simplemente est\u00e1 practicando lo que ha aprendido y devolvi\u00e9ndole al genocida original una muestra de c\u00f3mo practica las lecciones heredadas. Cada uno de ellos carece de cultura, amor propio, respeto por s\u00ed mismo, por la madre naturaleza y por sus semejantes. Todav\u00eda estamos a tiempo para salvarnos si logramos salir del c\u00edrculo vicioso de ignorancia y violencia en el que hemos vivido por siglos. El primer paso es volver a nombrar el mundo: las palabras crean nuestra realidad, hay que dejar de ser \u201cColombia\u201d, el pa\u00eds creado por el invasor extranjero y buscar un nombre que no alabe al genocida ni al genocidio. A partir de ese d\u00eda podemos seguir nombrando el mundo de una manera positiva, creativa y sincera. Necesitamos una nueva \u201cAlegr\u00eda de Leer\u201d que sea una \u201cAlegr\u00eda de Ser\u201d, de ser todo lo que nos ha sido negado: respetuosos, honestos, educados, estar orgullosos de ser de origen ind\u00edgena, negro y hasta espa\u00f1ol, aunque para mucha gente ya es un honor provenir de la etnia del invasor pero por falsos motivos, por creerse as\u00ed superiores. Debemos estar orgullosos de los espa\u00f1oles que lucharon contra su patria invasora, al lado de ind\u00edgenas, negros, mestizos, zambos y mulatos para liberar estas tierras del invasor extranjero. Fue un trabajo que qued\u00f3 a medias. Doscientos a\u00f1os despu\u00e9s de nuestra llamada independencia de Espa\u00f1a, hemos ca\u00eddo en dependencias peores y hasta m\u00e1s detestables que las de la colonia. Es hora de encontrar y descubrir qui\u00e9nes somos, aceptarnos, entendernos y amarnos, dejar de despreciarnos por el color de la piel, por la condici\u00f3n social o por el oficio que practicamos, al fin de cuentas todos estamos hechos del mismo material. Es un camino largo el que tenemos por recorrer, pero nunca es tarde para dar el primer paso.<\/p>\n","protected":false},"excerpt":{"rendered":"<p>Colombia es un pa\u00eds incompleto, naci\u00f3 de un parto forzado, producto de la violaci\u00f3n del invasor extranjero y de la sumisi\u00f3n forzada de sus habitantes [&hellip;]<\/p>\n","protected":false},"author":1,"featured_media":0,"comment_status":"open","ping_status":"open","sticky":false,"template":"","format":"standard","meta":{"_jetpack_memberships_contains_paid_content":false,"footnotes":""},"categories":[28],"tags":[122,121,117,41],"class_list":["post-479","post","type-post","status-publish","format-standard","hentry","category-genocido","tag-colombia","tag-colon","tag-colonialismo","tag-genocidio"],"jetpack_featured_media_url":"","jetpack_sharing_enabled":true,"jetpack_likes_enabled":true,"_links":{"self":[{"href":"https:\/\/escritoresyperiodistas.online\/index.php\/wp-json\/wp\/v2\/posts\/479","targetHints":{"allow":["GET"]}}],"collection":[{"href":"https:\/\/escritoresyperiodistas.online\/index.php\/wp-json\/wp\/v2\/posts"}],"about":[{"href":"https:\/\/escritoresyperiodistas.online\/index.php\/wp-json\/wp\/v2\/types\/post"}],"author":[{"embeddable":true,"href":"https:\/\/escritoresyperiodistas.online\/index.php\/wp-json\/wp\/v2\/users\/1"}],"replies":[{"embeddable":true,"href":"https:\/\/escritoresyperiodistas.online\/index.php\/wp-json\/wp\/v2\/comments?post=479"}],"version-history":[{"count":0,"href":"https:\/\/escritoresyperiodistas.online\/index.php\/wp-json\/wp\/v2\/posts\/479\/revisions"}],"wp:attachment":[{"href":"https:\/\/escritoresyperiodistas.online\/index.php\/wp-json\/wp\/v2\/media?parent=479"}],"wp:term":[{"taxonomy":"category","embeddable":true,"href":"https:\/\/escritoresyperiodistas.online\/index.php\/wp-json\/wp\/v2\/categories?post=479"},{"taxonomy":"post_tag","embeddable":true,"href":"https:\/\/escritoresyperiodistas.online\/index.php\/wp-json\/wp\/v2\/tags?post=479"}],"curies":[{"name":"wp","href":"https:\/\/api.w.org\/{rel}","templated":true}]}}