{"id":466,"date":"2020-09-20T22:14:06","date_gmt":"2020-09-20T22:14:06","guid":{"rendered":"http:\/\/escritoresyperiodistas.online\/index.php\/2020\/09\/20\/comunicado-del-departamento-de-antropologia-a-la-opinion-publica\/"},"modified":"2020-09-20T22:14:06","modified_gmt":"2020-09-20T22:14:06","slug":"comunicado-del-departamento-de-antropologia-a-la-opinion-publica","status":"publish","type":"post","link":"https:\/\/escritoresyperiodistas.online\/index.php\/2020\/09\/20\/comunicado-del-departamento-de-antropologia-a-la-opinion-publica\/","title":{"rendered":"Comunicado del departamento de Antropolog\u00eda a la opini\u00f3n p\u00fablica"},"content":{"rendered":"<p><img decoding=\"async\" src=\"file:\/\/\/private\/var\/mobile\/Containers\/Shared\/AppGroup\/8CCB82A0-7566-47BD-A474-62F2224B3837\/Media\/image_e8339969-80c9-4c3b-9c77-ac70601e4c3d.jpg\" data-wp_upload_id=\"image_e8339969-80c9-4c3b-9c77-ac70601e4c3d.jpg\" alt=\"\"><\/p>\n<p>Emitido por: Consejo Superior<br \/>\nDirigido a: Comunidad universitaria, Ciudadan\u00eda en general.<\/p>\n<p>Popay\u00e1n, 18 de septiembre de 2020<\/p>\n<p>Este mi\u00e9rcoles, con valent\u00eda y dignidad, el pueblo Misak tom\u00f3 acciones contra un s\u00edmbolo de la violencia de la historia colonial. El derribo de la estatua de Belalc\u00e1zar es una ocasi\u00f3n inmejorable para pensar qu\u00e9 somos como sociedad y qu\u00e9 hemos hecho para sanar heridas a\u00fan sangrantes.<\/p>\n<p>La historia del colonialismo no es una mera an\u00e9cdota construida sobre s\u00edmbolos grandilocuentes que pretenden durar para siempre; es, m\u00e1s que nada, un legado vivo que todav\u00eda arrastra consigo los horrores del racismo, la segregaci\u00f3n y el acceso desigual a los muchos bienes a los que todos tenemos derecho.<\/p>\n<p>El patrimonio no es algo natural, atemporal ni estable. La decisi\u00f3n de instalar en 1936 la estatua de un brutal conquistador espa\u00f1ol en una pir\u00e1mide prehisp\u00e1nica fue un acto deliberado de afirmaci\u00f3n de lo hisp\u00e1nico, de lo blanco, de una historia \u00fanica contada por los vencedores (que, como suele suceder, silenci\u00f3 la historia de los vencidos). Esa decisi\u00f3n puede haber sido comprensible en una \u00e9poca en la que todav\u00eda dominaban relaciones feudales en el Cauca, pero los tiempos han cambiado.<\/p>\n<p>En esta \u00e9poca ya no hay una sola historia, un solo patrimonio, un solo proyecto colectivo. Vivimos tiempos dif\u00edciles, es cierto, pero no por ello menos estimulantes y creativos. Reinstalar a Belalc\u00e1zar en el Morro de Tulc\u00e1n ser\u00eda un error may\u00fasculo, pues implicar\u00eda la renovaci\u00f3n de un pasado violento y sombr\u00edo. M\u00e1s bien, su derribo es una oportunidad para decidir qu\u00e9 hacer con un lugar tan emblem\u00e1tico.<\/p>\n<p>Podr\u00eda ser, acaso, la oportunidad para poner en escena una historia con matices, una historia m\u00faltiple y generosa que cuenta sin silencios, qu\u00e9 sucedi\u00f3 hace siglos y qu\u00e9 sigue sucediendo todav\u00eda.<\/p>\n<p>Profesores Departamento de Antropolog\u00eda<\/p>\n","protected":false},"excerpt":{"rendered":"<p>Emitido por: Consejo Superior Dirigido a: Comunidad universitaria, Ciudadan\u00eda en general. Popay\u00e1n, 18 de septiembre de 2020 Este mi\u00e9rcoles, con valent\u00eda y dignidad, el pueblo [&hellip;]<\/p>\n","protected":false},"author":1,"featured_media":0,"comment_status":"open","ping_status":"open","sticky":false,"template":"","format":"standard","meta":{"_jetpack_memberships_contains_paid_content":false,"footnotes":""},"categories":[27,26],"tags":[117,119,118],"class_list":["post-466","post","type-post","status-publish","format-standard","hentry","category-conciencia","category-resistencia","tag-colonialismo","tag-estatua-genocida","tag-pueblo-misak"],"jetpack_featured_media_url":"","jetpack_sharing_enabled":true,"jetpack_likes_enabled":true,"_links":{"self":[{"href":"https:\/\/escritoresyperiodistas.online\/index.php\/wp-json\/wp\/v2\/posts\/466","targetHints":{"allow":["GET"]}}],"collection":[{"href":"https:\/\/escritoresyperiodistas.online\/index.php\/wp-json\/wp\/v2\/posts"}],"about":[{"href":"https:\/\/escritoresyperiodistas.online\/index.php\/wp-json\/wp\/v2\/types\/post"}],"author":[{"embeddable":true,"href":"https:\/\/escritoresyperiodistas.online\/index.php\/wp-json\/wp\/v2\/users\/1"}],"replies":[{"embeddable":true,"href":"https:\/\/escritoresyperiodistas.online\/index.php\/wp-json\/wp\/v2\/comments?post=466"}],"version-history":[{"count":0,"href":"https:\/\/escritoresyperiodistas.online\/index.php\/wp-json\/wp\/v2\/posts\/466\/revisions"}],"wp:attachment":[{"href":"https:\/\/escritoresyperiodistas.online\/index.php\/wp-json\/wp\/v2\/media?parent=466"}],"wp:term":[{"taxonomy":"category","embeddable":true,"href":"https:\/\/escritoresyperiodistas.online\/index.php\/wp-json\/wp\/v2\/categories?post=466"},{"taxonomy":"post_tag","embeddable":true,"href":"https:\/\/escritoresyperiodistas.online\/index.php\/wp-json\/wp\/v2\/tags?post=466"}],"curies":[{"name":"wp","href":"https:\/\/api.w.org\/{rel}","templated":true}]}}